{"id":13774,"date":"2023-03-02T18:40:47","date_gmt":"2023-03-02T21:40:47","guid":{"rendered":"https:\/\/hostnetart.com.br\/baixada\/nota-de-pesar\/"},"modified":"2023-03-02T18:40:47","modified_gmt":"2023-03-02T21:40:47","slug":"nota-de-pesar","status":"publish","type":"post","link":"https:\/\/hostnetart.com.br\/baixada\/nota-de-pesar\/","title":{"rendered":"Nota de pesar"},"content":{"rendered":"<p>O Sindicato dos Banc\u00e1rios da Baixada Fluminense se solidariza com o companheiro Tur\u00edbio F\u00e9lix de Almeida, ex-diretor da entidade, em virtude do falecimento de seu filho.<\/p>\n<p>Toda solidariedade \u00e0 fam\u00edlia.<\/p>\n","protected":false},"excerpt":{"rendered":"<p>O Sindicato dos Banc\u00e1rios da Baixada Fluminense se solidariza com o companheiro Tur\u00edbio F\u00e9lix de Almeida, ex-diretor da entidade, em virtude do falecimento de seu filho. Toda solidariedade \u00e0 fam\u00edlia.<\/p>\n","protected":false},"author":2,"featured_media":13773,"comment_status":"","ping_status":"","sticky":false,"template":"","format":"standard","meta":{"footnotes":""},"categories":[3],"tags":[],"class_list":["post-13774","post","type-post","status-publish","format-standard","has-post-thumbnail","hentry","category-noticias"],"_links":{"self":[{"href":"https:\/\/hostnetart.com.br\/baixada\/wp-json\/wp\/v2\/posts\/13774","targetHints":{"allow":["GET"]}}],"collection":[{"href":"https:\/\/hostnetart.com.br\/baixada\/wp-json\/wp\/v2\/posts"}],"about":[{"href":"https:\/\/hostnetart.com.br\/baixada\/wp-json\/wp\/v2\/types\/post"}],"author":[{"embeddable":true,"href":"https:\/\/hostnetart.com.br\/baixada\/wp-json\/wp\/v2\/users\/2"}],"replies":[{"embeddable":true,"href":"https:\/\/hostnetart.com.br\/baixada\/wp-json\/wp\/v2\/comments?post=13774"}],"version-history":[{"count":0,"href":"https:\/\/hostnetart.com.br\/baixada\/wp-json\/wp\/v2\/posts\/13774\/revisions"}],"wp:featuredmedia":[{"embeddable":true,"href":"https:\/\/hostnetart.com.br\/baixada\/wp-json\/wp\/v2\/media\/13773"}],"wp:attachment":[{"href":"https:\/\/hostnetart.com.br\/baixada\/wp-json\/wp\/v2\/media?parent=13774"}],"wp:term":[{"taxonomy":"category","embeddable":true,"href":"https:\/\/hostnetart.com.br\/baixada\/wp-json\/wp\/v2\/categories?post=13774"},{"taxonomy":"post_tag","embeddable":true,"href":"https:\/\/hostnetart.com.br\/baixada\/wp-json\/wp\/v2\/tags?post=13774"}],"curies":[{"name":"wp","href":"https:\/\/api.w.org\/{rel}","templated":true}]}}