{"id":13766,"date":"2023-03-01T17:46:12","date_gmt":"2023-03-01T20:46:12","guid":{"rendered":"https:\/\/hostnetart.com.br\/baixada\/janja-e-ministras-abrem-mes-da-mulher-com-compromissos-de-acoes-em-mais-de-30-ministerios\/"},"modified":"2023-03-01T17:46:12","modified_gmt":"2023-03-01T20:46:12","slug":"janja-e-ministras-abrem-mes-da-mulher-com-compromissos-de-acoes-em-mais-de-30-ministerios","status":"publish","type":"post","link":"https:\/\/hostnetart.com.br\/baixada\/janja-e-ministras-abrem-mes-da-mulher-com-compromissos-de-acoes-em-mais-de-30-ministerios\/","title":{"rendered":"Janja e ministras abrem \u2018M\u00eas da Mulher\u2019 com compromissos de a\u00e7\u00f5es em mais de 30 minist\u00e9rios"},"content":{"rendered":"<p>O governo do presidente Luiz In\u00e1cio Lula da Silva (PT) prepara um conjunto de pol\u00edticas p\u00fablicas para as mulheres, em todas as \u00e1reas. O pacote de medidas, de acordo com a ministra das Mulheres, Cida Gon\u00e7alves, ser\u00e1 divulgado na pr\u00f3xima quarta-feira, 8 de mar\u00e7o, Dia Internacional da Mulher, envolvendo a\u00e7\u00f5es em mais de 30 minist\u00e9rios.\u00a0As a\u00e7\u00f5es foram confirmadas pela ministra em cerim\u00f4nia de abertura da programa\u00e7\u00e3o oficial do \u201cM\u00eas da Mulher\u201d na manh\u00e3 desta quarta (1\u00ba).<\/p>\n<p>O evento de caf\u00e9 da manh\u00e3 teve a presen\u00e7a da primeira-dama, Janja Lula da Silva, das 11 ministras da equipe e das presidentas do Banco do Brasil, Tarciana Medeiros, e da Caixa Econ\u00f4mica Federal, Rita Serrano.<\/p>\n<p>Elas integram a\u00a0<a href=\"https:\/\/www.gov.br\/secom\/pt-br\/assuntos\/noticias\/2023\/03\/ministras-e-presidentas-do-banco-do-brasil-e-da-caixa-economica-federal-sao-recebidas-no-palacio-do-planalto-para-abertura-do-mes-internacional-das-mulheres\" target=\"_blank\" rel=\"noopener noreferrer\">campanha<\/a>\u00a0a ser lan\u00e7ada no 8 de mar\u00e7o tendo como tema central o respeito \u00e0s mulheres como \u201cvalor inegoci\u00e1vel\u201d. Segundo Cida Gon\u00e7alves, essa articula\u00e7\u00e3o interministerial promete \u201cmudar a vida das mulheres e fazer diferen\u00e7a na vida de 52% da popula\u00e7\u00e3o\u201d, conforme afirmou em refer\u00eancia \u00e0 maioria feminina da popula\u00e7\u00e3o.\u00a0<\/p>\n<p>O presidente quer a formula\u00e7\u00e3o de a\u00e7\u00f5es transversais (pol\u00edticas p\u00fablicas que requerem or\u00e7amentos e envolvimentos de v\u00e1rios minist\u00e9rios) para que ele apresente no 8 de mar\u00e7o. Ainda ontem (28), Lula confirmou que encaminhar\u00e1 ao Congresso projeto de lei para garantir a igualdade salarial entre homens e mulheres no Brasil. Desse modo, durante a cerim\u00f4nia, hoje, a ministra das Mulheres disse que o governo quer dar uma resposta \u00e0 popula\u00e7\u00e3o que ajudou a eleg\u00ea-lo.\u00a0<\/p>\n<h2><strong>Prioridade contra viol\u00eancia de g\u00eanero<\/strong><\/h2>\n<p>\u201cO presidente Lula disse para mim: \u2018voc\u00ea sabe o tamanho da sua responsabilidade porque foram as mulheres que efetivamente me elegeram\u2019. E n\u00f3s vamos dar uma resposta para aquelas que s\u00e3o as principais pessoas e o principal p\u00fablico efetivamente das pol\u00edticas p\u00fablicas.\u00a0Porque somos n\u00f3s, mulheres, que estamos na linha abaixo da pobreza, principalmente as mulheres negras que s\u00e3o as que est\u00e3o passando fome. Somos m\u00e3es solos, mortas todos os dias, violadas todos os dias. E \u00e9 por isso que todas estamos aqui para dizer para as mulheres que esse governo respeita as mulheres, trabalha para as mulheres e vai construir um pa\u00eds para e com as mulheres. Estamos aqui para garantir isso\u201d, ressaltou Cida.\u00a0<\/p>\n<p>O tema da viol\u00eancia de g\u00eanero tamb\u00e9m foi lembrado pela primeira-dama, que abriu sua fala em solidariedade \u00e0 fisiculturista Ellen Cristina Otoni Campos, de 37 anos. Ellen est\u00e1 hospitalizada desde quinta-feira (23), depois de levar sete tiros. O suspeito do crime \u00e9 o namorado da v\u00edtima, o tamb\u00e9m fisiculturista Weldrin Lopes e Alc\u00e2ntara, de 44 anos, preso ontem em Belo Horizonte.<\/p>\n<p>Janja lembrou compromisso de Lula, durante a campanha e j\u00e1 eleito, com diminuir os \u00edndices de feminic\u00eddio no pa\u00eds, at\u00e9 zer\u00e1-los. Al\u00e9m disso, citou o combater \u00e0 fome como uma \u201cobsess\u00e3o\u201d do presidente.<\/p>\n<blockquote class=\"wp-block-quote\">\n<h3 class=\"has-luminous-vivid-orange-color has-text-color\">\u201cEsse tema da viol\u00eancia contra a mulher chega a ser pessoal e particular e vou trabalhar com todas as minhas for\u00e7as,\u00a0 trabalhar junto com o Minist\u00e9rio das Mulheres e a sociedade civil para que a gente n\u00e3o precise mais mandar mensagem de for\u00e7a para uma mulher que foi baleada pelo seu namorado e companheiro. E o pior, esses homens n\u00e3o est\u00e3o satisfeitos de matar apenas as mulheres, eles matam tamb\u00e9m as crian\u00e7as e seus filhos\u201d, lamentou a primeira-dama.\u00a0<\/h3>\n<\/blockquote>\n<h3>Marielle e as mulheres negras<\/h3>\n<p>A ministra da Igualdade Racial, Anielle Franco, tamb\u00e9m advertiu sobre a viol\u00eancia pol\u00edtica de g\u00eanero que tem como alvo mulheres na pol\u00edtica. Ela lembrou que, desde 2018, o m\u00eas tamb\u00e9m passou a ser \u201ctriste\u201d por marcar o assassinato de sua irm\u00e3, a vereadora Marielle Franco, morta a tiros em 14 de mar\u00e7o. Anielle ponderou, contudo: \u201cSempre que vejo mulheres negras ocupando esse espa\u00e7o (do jornalismo) e a pol\u00edtica, vivas, porque por estarmos vivas representando essa luta que muito me emociona, sei que estamos no caminho certo\u201d.\u00a0<\/p>\n<p>A representatividade tamb\u00e9m foi celebrada, na sequ\u00eancia, pela ministra do Planejamento e Or\u00e7amento, Simone Tebet. \u201cEssa \u00e9 Esplanada mais feminina da hist\u00f3ria do Brasil\u201d, comentou. \u201cE isso n\u00e3o \u00e9 pouca coisa para quem, como eu e algumas dessas mulheres aqui aguerridas, faz pol\u00edtica h\u00e1 muito tempo no Brasil.\u201d Tebet tamb\u00e9m elogiou o compromisso de Lula com a igualdade salarial, prometida por ele na campanha. Ou seja, \u00e9 preciso adequar as legisla\u00e7\u00f5es que incidem sobre o tema hoje, pois s\u00e3o suficientes para garantir esse direito.<\/p>\n<p>\u201cO presidente Lula s\u00f3 me deu uma determina\u00e7\u00e3o, que o pobres estejam no or\u00e7amento p\u00fablico brasileiro. (\u2026) Ent\u00e3o vai ser com muita satisfa\u00e7\u00e3o que o cobertor curto do or\u00e7amento eu e as nossas ministras vamos puxar para o lado da mulher negra brasileira do Nordeste\u201d, acrescentou.\u00a0<\/p>\n<h3>Olhar a partir do g\u00eanero<\/h3>\n<p>A ministra da Sa\u00fade, N\u00edsia Trindade, completou que o debate da equidade de g\u00eanero precisa estar associado ao da equidade racial. Ao destacar o papel da \u00e1rea, ela tamb\u00e9m destacou que o compromisso com as mulheres n\u00e3o termina no dia 8 de mar\u00e7o nem no M\u00eas da Mulher. \u201cO Minist\u00e9rio da Sa\u00fade come\u00e7ou no primeiro dia de gest\u00e3o, quando revogamos a portaria contr\u00e1ria aos direitos sexuais e reprodutivos das mulheres e (garantimos) o cuidados integral \u00e0 sa\u00fade da mulher que \u00e9 uma premissa do presidente Lula e de toda a nossa equipe de gest\u00e3o\u201d.\u00a0<\/p>\n<p>\u201cE por que tantos an\u00fancios ser\u00e3o feitos na semana que vem?\u201d, provocou na sequ\u00eancia a ministra de Gest\u00e3o e da Inova\u00e7\u00e3o em Servi\u00e7os P\u00fablicos, Esther Dweck, respondendo ela pr\u00f3pria a quest\u00e3o.\u00a0<\/p>\n<blockquote class=\"wp-block-quote\">\n<h3 class=\"has-luminous-vivid-orange-color has-text-color\">\u201cAo colocar uma mulher no comando, uma mulher negra e ind\u00edgena, voc\u00ea est\u00e1 mudando a forma de pensar pol\u00edticas p\u00fablicas. E isso faz com que se tenham ideias que as vezes voc\u00eas v\u00e3o ver que s\u00e3o simples, mas que ningu\u00e9m teve antes porque n\u00e3o tinha algu\u00e9m naquele lugar com aquele pensamento, e com hist\u00f3ria de vida e experi\u00eancias que fazem dar \u00eanfase a um ponto que talvez para um homem n\u00e3o tenha relev\u00e2ncia. Mas para n\u00f3s, mulheres, sabemos que tem.\u201d\u00a0<\/h3>\n<\/blockquote>\n<h3>Luta e resist\u00eancia<\/h3>\n<p>Esse \u00e9 o caso, por exemplo, do racismo ambiental, como destacou a ministra do Meio Ambiente e Mudan\u00e7as Clim\u00e1ticas, Marina Silva. De acordo com ela, as pol\u00edticas ambientais tamb\u00e9m devem atuar para quebrar com essa estrutura desigual. \u201cAs mulheres que pagam o maior pre\u00e7o na hora da cat\u00e1strofe. S\u00e3o as mulheres pretas que vamos encontrar em S\u00e3o Sebasti\u00e3o. S\u00e3o elas que perderam seus filhos e companheiros. Porque s\u00e3o elas as empurradas para as encostas por serem mais pobres e vulner\u00e1veis e elas precisam de pol\u00edticas p\u00fablicas na \u00e1rea ambiental para que a gente quebre tamb\u00e9m o racismo ambiental\u201d.\u00a0<\/p>\n<p>Secret\u00e1ria de Articula\u00e7\u00e3o e Promo\u00e7\u00e3o de Direitos Ind\u00edgenas, Juma Xipaia de Carvalho tamb\u00e9m comentou sobre os desafios para as mulheres ind\u00edgenas. Ao finalizar sua fala, ela chamou aten\u00e7\u00e3o para a liga\u00e7\u00e3o entre o assassinato de Marielle com o\u00a0<a href=\"https:\/\/www.redebrasilatual.com.br\/tag\/bruno-e-dom\" target=\"_blank\" rel=\"noopener noreferrer\">crime contra a vida do indigenista Bruno Pereira e do jornalista Dom Phillips<\/a>, no ano passado. \u201cSomos Marielle, somos Bruno e Dom.\u201d<\/p>\n<p>\u201cTodos e quaisquer tipos de mulher est\u00e3o sendo assassinados ou perdendo seus parceiros que lutam pelos direitos de outros. N\u00e3o podemos esquecer disso. Estamos\u00a0em um momento \u00fanico, mas jamais podemos esquecer nosso passado t\u00e3o recente que ainda herdamos dores e lamentos. Todos os dias acordamos cientes disso. N\u00f3s estivemos em Bras\u00edlia ocupando esse territ\u00f3rio, vendo nossos filhos sendo atacados, mulheres sendo agredidas e n\u00f3s n\u00e3o recuamos. E hoje ter o Minist\u00e9rio dos Povos Ind\u00edgenas e estar aqui com essas mulheres \u00e9 motivo de comemora\u00e7\u00e3o, porque \u00e9 o s\u00edmbolo \u00fanico da vida\u201d, concluiu Juma.\u00a0<\/p>\n<p><strong>Fonte: Rede Brasil Atual<\/strong><\/p>\n","protected":false},"excerpt":{"rendered":"<p>O governo do presidente Luiz In\u00e1cio Lula da Silva (PT) prepara um conjunto de pol\u00edticas p\u00fablicas para as mulheres, em todas as \u00e1reas. O pacote de medidas, de acordo com a ministra das Mulheres, Cida Gon\u00e7alves, ser\u00e1 divulgado na pr\u00f3xima quarta-feira, 8 de mar\u00e7o, Dia Internacional da Mulher, envolvendo a\u00e7\u00f5es em mais de 30 minist\u00e9rios.\u00a0As [&hellip;]<\/p>\n","protected":false},"author":2,"featured_media":13765,"comment_status":"","ping_status":"","sticky":false,"template":"","format":"standard","meta":{"footnotes":""},"categories":[3],"tags":[],"class_list":["post-13766","post","type-post","status-publish","format-standard","has-post-thumbnail","hentry","category-noticias"],"_links":{"self":[{"href":"https:\/\/hostnetart.com.br\/baixada\/wp-json\/wp\/v2\/posts\/13766","targetHints":{"allow":["GET"]}}],"collection":[{"href":"https:\/\/hostnetart.com.br\/baixada\/wp-json\/wp\/v2\/posts"}],"about":[{"href":"https:\/\/hostnetart.com.br\/baixada\/wp-json\/wp\/v2\/types\/post"}],"author":[{"embeddable":true,"href":"https:\/\/hostnetart.com.br\/baixada\/wp-json\/wp\/v2\/users\/2"}],"replies":[{"embeddable":true,"href":"https:\/\/hostnetart.com.br\/baixada\/wp-json\/wp\/v2\/comments?post=13766"}],"version-history":[{"count":0,"href":"https:\/\/hostnetart.com.br\/baixada\/wp-json\/wp\/v2\/posts\/13766\/revisions"}],"wp:featuredmedia":[{"embeddable":true,"href":"https:\/\/hostnetart.com.br\/baixada\/wp-json\/wp\/v2\/media\/13765"}],"wp:attachment":[{"href":"https:\/\/hostnetart.com.br\/baixada\/wp-json\/wp\/v2\/media?parent=13766"}],"wp:term":[{"taxonomy":"category","embeddable":true,"href":"https:\/\/hostnetart.com.br\/baixada\/wp-json\/wp\/v2\/categories?post=13766"},{"taxonomy":"post_tag","embeddable":true,"href":"https:\/\/hostnetart.com.br\/baixada\/wp-json\/wp\/v2\/tags?post=13766"}],"curies":[{"name":"wp","href":"https:\/\/api.w.org\/{rel}","templated":true}]}}