{"id":13764,"date":"2023-03-01T17:43:18","date_gmt":"2023-03-01T20:43:18","guid":{"rendered":"https:\/\/hostnetart.com.br\/baixada\/joao-fukunaga-e-o-novo-presidente-do-fundo-de-previdencia-do-banco-do-brasil-a-previ\/"},"modified":"2023-03-01T17:43:18","modified_gmt":"2023-03-01T20:43:18","slug":"joao-fukunaga-e-o-novo-presidente-do-fundo-de-previdencia-do-banco-do-brasil-a-previ","status":"publish","type":"post","link":"https:\/\/hostnetart.com.br\/baixada\/joao-fukunaga-e-o-novo-presidente-do-fundo-de-previdencia-do-banco-do-brasil-a-previ\/","title":{"rendered":"Jo\u00e3o Fukunaga \u00e9 o novo presidente do fundo de previd\u00eancia do Banco do Brasil, a Previ"},"content":{"rendered":"<p>O banc\u00e1rio Jo\u00e3o Luiz Fukunaga tomou posse hoje (28) do cargo de presidente da Caixa de\u00a0<a href=\"https:\/\/www.redebrasilatual.com.br\/tag\/previ\/\" target=\"_blank\" rel=\"noopener noreferrer\">Previd\u00eancia dos Funcion\u00e1rios<\/a>\u00a0do Banco do Brasil, a Previ. Ele \u00e9 funcion\u00e1rio de carreira do BB desde 2008. Em 2018, assumiu a coordena\u00e7\u00e3o da Comiss\u00e3o de Empresa dos Funcion\u00e1rios do Banco do Brasil (CEBB). A cerim\u00f4nia aconteceu nesta manh\u00e3, na sede da previ, no Rio de Janeiro.<\/p>\n<p>J\u00e1 em 2020, ele assumiu como auditor sindical no Sindicato dos Banc\u00e1rios de S\u00e3o Paulo, Osasco e Regi\u00e3o (SPBanc\u00e1rios). A fun\u00e7\u00e3o \u00e9 prevista no Acordo Coletivo de Trabalho e, entre as responsabilidades, est\u00e1 a de auditoria dos valores da Participa\u00e7\u00e3o nos Lucros e Resultados (PLR). O Conselho Deliberativo do banco p\u00fablico anunciou o nome de Fukunaga na sexta-feira (24). Ontem, a Superintend\u00eancia Nacional de Previd\u00eancia Complementar (Previc), entidade respons\u00e1vel pelas operadoras de previd\u00eancia privada no Brasil, considerou o banc\u00e1rio habilitado para o cargo.<\/p>\n<h2><span style=\"text-decoration: underline;\">Boas perspectivas na Previ<\/span><\/h2>\n<p>A presidenta da Confedera\u00e7\u00e3o Nacional dos Trabalhadores do Ramo Financeiro (Contraf-CUT), Juvandia Moreira,\u00a0<a href=\"https:\/\/contrafcut.com.br\/noticias\/joao-fukunaga-na-presidencia-da-previ-reforca-pauta-dos-associados\/\" target=\"_blank\" rel=\"noopener noreferrer\">aprovou a escolha de Fukunaga<\/a>. Ela destacou que a \u201ctrajet\u00f3ria de compromisso com os funcion\u00e1rios e funcion\u00e1rias e com a defesa do banco p\u00fablico, bem como a defesa da reconstru\u00e7\u00e3o do Brasil, mostra que ele est\u00e1 preparado para assumir mais este desafio\u201d.<\/p>\n<p>\u201cJo\u00e3o apresentou, ao longo desses anos, capacidade de lideran\u00e7a, de media\u00e7\u00e3o e de resolu\u00e7\u00e3o de conflitos. Nossa expectativa \u00e9 de uma administra\u00e7\u00e3o ainda mais preparada para atuar em favor dos trabalhadores e trabalhadoras do Banco do Brasil. Tamb\u00e9m aos associados \u00e0 Previ. Ela \u00e9 uma entidade criada com luta para garantir aposentadoria digna para os funcion\u00e1rios e prote\u00e7\u00e3o aos seus familiares\u201d, finalizou a presidenta.<\/p>\n<p>Em nota, o Sindicato dos Banc\u00e1rios de Bras\u00edlia tamb\u00e9m\u00a0<a href=\"https:\/\/bancariosdf.com.br\/portal\/joao-fukunaga-assume-presidencia-da-previ-nesta-terca-28-mandato-sera-alinhado-aos-interesses-dos-associados\/\" target=\"_blank\" rel=\"noopener noreferrer\">aprovou a escolha<\/a>. O presidente da entidade, Kleytton Morais, disse que as perspectivas s\u00e3o positivas. \u201cA chegada do companheiro Jo\u00e3o Luiz Fukunaga na presid\u00eancia da Previ \u00e9 muito importante para a defesa dos direitos dos participantes da Previ e de outros fundos de pens\u00e3o. Ser\u00e1 um aliado estrat\u00e9gico na constru\u00e7\u00e3o de di\u00e1logo necess\u00e1rio. Isso para rever o ambiente normativo que se instalou no pa\u00eds e que amea\u00e7a os participantes dos planos de pens\u00e3o.\u201d<\/p>\n<p>Morais destacou alguns desafios que Fukunaga dever\u00e1 enfrentar. \u201cCito, por exemplo, temas como retirada de patroc\u00ednio, transfer\u00eancia de gest\u00e3o para ditos agentes de mercado (atacando o direito \u00e0 gest\u00e3o compartilhada pelos participantes), al\u00e9m de outras igualmente nocivas resolu\u00e7\u00f5es de mercado.\u201d<\/p>\n<p><strong>Fonte: Rede Brasil Atual<\/strong><\/p>\n","protected":false},"excerpt":{"rendered":"<p>O banc\u00e1rio Jo\u00e3o Luiz Fukunaga tomou posse hoje (28) do cargo de presidente da Caixa de\u00a0Previd\u00eancia dos Funcion\u00e1rios\u00a0do Banco do Brasil, a Previ. Ele \u00e9 funcion\u00e1rio de carreira do BB desde 2008. Em 2018, assumiu a coordena\u00e7\u00e3o da Comiss\u00e3o de Empresa dos Funcion\u00e1rios do Banco do Brasil (CEBB). A cerim\u00f4nia aconteceu nesta manh\u00e3, na sede [&hellip;]<\/p>\n","protected":false},"author":2,"featured_media":13763,"comment_status":"","ping_status":"","sticky":false,"template":"","format":"standard","meta":{"footnotes":""},"categories":[3],"tags":[],"class_list":["post-13764","post","type-post","status-publish","format-standard","has-post-thumbnail","hentry","category-noticias"],"_links":{"self":[{"href":"https:\/\/hostnetart.com.br\/baixada\/wp-json\/wp\/v2\/posts\/13764","targetHints":{"allow":["GET"]}}],"collection":[{"href":"https:\/\/hostnetart.com.br\/baixada\/wp-json\/wp\/v2\/posts"}],"about":[{"href":"https:\/\/hostnetart.com.br\/baixada\/wp-json\/wp\/v2\/types\/post"}],"author":[{"embeddable":true,"href":"https:\/\/hostnetart.com.br\/baixada\/wp-json\/wp\/v2\/users\/2"}],"replies":[{"embeddable":true,"href":"https:\/\/hostnetart.com.br\/baixada\/wp-json\/wp\/v2\/comments?post=13764"}],"version-history":[{"count":0,"href":"https:\/\/hostnetart.com.br\/baixada\/wp-json\/wp\/v2\/posts\/13764\/revisions"}],"wp:featuredmedia":[{"embeddable":true,"href":"https:\/\/hostnetart.com.br\/baixada\/wp-json\/wp\/v2\/media\/13763"}],"wp:attachment":[{"href":"https:\/\/hostnetart.com.br\/baixada\/wp-json\/wp\/v2\/media?parent=13764"}],"wp:term":[{"taxonomy":"category","embeddable":true,"href":"https:\/\/hostnetart.com.br\/baixada\/wp-json\/wp\/v2\/categories?post=13764"},{"taxonomy":"post_tag","embeddable":true,"href":"https:\/\/hostnetart.com.br\/baixada\/wp-json\/wp\/v2\/tags?post=13764"}],"curies":[{"name":"wp","href":"https:\/\/api.w.org\/{rel}","templated":true}]}}