{"id":13762,"date":"2023-03-01T17:40:56","date_gmt":"2023-03-01T20:40:56","guid":{"rendered":"https:\/\/hostnetart.com.br\/baixada\/campanha-nacional-de-vacinacao-retoma-papel-do-brasil-como-referencia-mundial-em-imunizacao\/"},"modified":"2023-03-01T17:40:56","modified_gmt":"2023-03-01T20:40:56","slug":"campanha-nacional-de-vacinacao-retoma-papel-do-brasil-como-referencia-mundial-em-imunizacao","status":"publish","type":"post","link":"https:\/\/hostnetart.com.br\/baixada\/campanha-nacional-de-vacinacao-retoma-papel-do-brasil-como-referencia-mundial-em-imunizacao\/","title":{"rendered":"Campanha nacional de vacina\u00e7\u00e3o retoma papel do Brasil como refer\u00eancia mundial em imuniza\u00e7\u00e3o"},"content":{"rendered":"<p>O lan\u00e7amento da campanha nacional de vacina\u00e7\u00e3o, que aconteceu na tarde da \u00faltima segunda (27), no Distrito Federal, fugiu dos padr\u00f5es de outras campanhas oficiais de governo. Ao lado do personagem Z\u00e9 Gotinha, o\u00a0<a href=\"https:\/\/www.gov.br\/saude\/pt-br\/assuntos\/noticias\/2023\/fevereiro\/lula-recebe-dose-bivalente-contra-covid-19-no-primeiro-dia-do-movimento-nacional-pela-vacinacao\">presidente da Rep\u00fablica, Luiz In\u00e1cio Lula da Silva, recebeu a dose bivalente da vacina<\/a>\u00a0contra o coronav\u00edrus, pelas m\u00e3os do vice-presidente Geraldo Alckmin.<\/p>\n<p><a href=\"https:\/\/www.unicef.org\/brazil\/comunicados-de-imprensa\/3-em-cada-10-criancas-no-brasil-nao-receberam-vacinas-que-salvam-vidas\">Dados divulgados pelo Fundo das Na\u00e7\u00f5es Unidas para a Inf\u00e2ncia (Unicef)<\/a>, mostram que a taxa de vacina\u00e7\u00e3o infantil sofreu no Brasil uma queda brusca, de 93,1% para 71,49%, entre 2019 e 2021, e isso colocou o pa\u00eds entre as dez na\u00e7\u00f5es com a menor cobertura vacinal do mundo.<\/p>\n<p>\u201cComo um pa\u00eds, que se tornou refer\u00eancia em vacina\u00e7\u00e3o, comprometeu, em t\u00e3o pouco tempo, esse legado?\u201d, questiona o secret\u00e1rio de Sa\u00fade da Contraf-CUT, Mauro Salles. \u201cPrecisamos lembrar que foi o Brasil que implementou, em 1973, uma das maiores plataformas de vacina\u00e7\u00e3o do mundo,\u00a0<a href=\"https:\/\/www.gov.br\/saude\/pt-br\/assuntos\/noticias\/2022\/setembro\/considerado-um-dos-maiores-programas-de-vacinacao-do-mundo-pni-completa-49-anos\">o PNI ou Programa Nacional de Imuniza\u00e7\u00f5es<\/a>\u201d, lembra. \u201cFoi gra\u00e7as ao PNI que, entre 1974 e 2014, o n\u00famero de mortes de crian\u00e7as menores de 5 anos de idade despencou 90%. Foi gra\u00e7as ao PNI que o pa\u00eds conseguiu eliminar doen\u00e7as como poliomielite, Rub\u00e9ola Cong\u00eanita e t\u00e9tano neonatal. Ent\u00e3o, o que aconteceu foi uma grande desarticula\u00e7\u00e3o que enfraqueceu essa pol\u00edtica de sa\u00fade t\u00e3o importante\u201d, acrescenta. \u201cN\u00f3s, da categoria banc\u00e1ria, lutamos durante toda pandemia para garantir vacinas, e, se o governo passado n\u00e3o tivesse atrasado a aquisi\u00e7\u00e3o dos imunizantes, muitas vidas teriam sido salvas\u201d, completa Mauro Salles.<\/p>\n<p>Outro ponto que tamb\u00e9m contribuiu para o enfraquecimento da imuniza\u00e7\u00e3o no pa\u00eds foi a dissemina\u00e7\u00e3o de informa\u00e7\u00f5es falsas pelas redes sociais, e a partir de quem estava sentado na cadeia da presid\u00eancia da Rep\u00fablica. \u201cPor diversas vezes, o ent\u00e3o mandat\u00e1rio, Jair Bolsonaro, durante o enfrentamento da pandemia pelo coronav\u00edrus, menosprezou e colocou em d\u00favida a efic\u00e1cia das vacinas. Essa comunica\u00e7\u00e3o, transmitida por algu\u00e9m que era o presidente, tamb\u00e9m contribuiu para que o Brasil, at\u00e9 ent\u00e3o com um hist\u00f3rico de sucesso nas pol\u00edticas de imuniza\u00e7\u00e3o, passasse a liderar o n\u00famero de mortes por covid-19. Tanto que, no in\u00edcio de 2022, quando finalmente o programa de vacina\u00e7\u00e3o contra esta doen\u00e7a j\u00e1 estava em andamento,\u00a0<a href=\"https:\/\/www12.senado.leg.br\/radio\/1\/conexao-senado\/2022\/02\/04\/80-dos-internados-em-uti-por-covid-19-sao-pessoas-nao-vacinadas-ou-com-esquema-vacinal-incompleto\">80% dos internados em UTI por covid-19 eram pessoas n\u00e3o imunizadas<\/a>\u201c, completou.<\/p>\n<p>O ex-presidente, al\u00e9m de colocar em d\u00favida a efic\u00e1cia das vacinas contra o coronav\u00edrus, incluiu no sigilo decretado de 100 anos a sua pr\u00f3pria carteira de vacina\u00e7\u00e3o. H\u00e1 cerca de dez dias, gra\u00e7as ao fim do sigilo, determinado pelo atual presidente Lula, o ministro da Controladoria-Geral da Uni\u00e3o (CGU), Vin\u00edcius de Carvalho,\u00a0<a href=\"https:\/\/www.em.com.br\/app\/noticia\/politica\/2023\/02\/17\/interna_politica,1459042\/bolsonaro-foi-vacinado-contra-covid-19-em-julho-de-2021.shtml\">confirmou que o militar reformado recebeu dose da vacina Janssen no dia 19 de julho de 2021<\/a>. Naquele m\u00eas, o Brasil\u00a0<a href=\"https:\/\/www.uol.com.br\/vivabem\/noticias\/redacao\/2021\/07\/06\/covid-19-coronavirus-casos-mortes-06-de-julho.htm\">chegou a registrar mais de 1.700 \u00f3bitos a cada 24 horas<\/a>\u00a0por covid-19.<\/p>\n<h3><strong>Fique atento<\/strong><\/h3>\n<p>O calend\u00e1rio de vacina\u00e7\u00e3o contra a covid-19 entra na segunda etapa, a partir do m\u00eas de mar\u00e7o. Em fevereiro, o p\u00fablico-alvo que recebeu o refor\u00e7o do imunizante bivalente foi formado por pessoas:<\/p>\n<ul>\n<li>Com mais de 60 anos,<\/li>\n<li>Gestantes e pu\u00e9rperas,<\/li>\n<li>Pacientes imunocomprometidos,<\/li>\n<li>Pessoas com defici\u00eancia,<\/li>\n<li>Pessoas vivendo em institui\u00e7\u00f5es de longa perman\u00eancia (ILP),<\/li>\n<li>Povos ind\u00edgenas, ribeirinhos e quilombolas,<\/li>\n<li>Trabalhadores da sa\u00fade.<\/li>\n<\/ul>\n<p>Na segunda etapa, que acontece a partir deste m\u00eas, o p\u00fablico-alvo ser\u00e1:<\/p>\n<ul>\n<li>Toda a popula\u00e7\u00e3o com mais de 12 anos.<\/li>\n<\/ul>\n<p>Na terceira etapa, prevista para ocorrer ainda em mar\u00e7o:<\/p>\n<ul>\n<li>Crian\u00e7as e adolescentes de 6 meses a 17 anos.<\/li>\n<\/ul>\n<p><strong>Fonte: Contraf-CUT<\/strong><\/p>\n","protected":false},"excerpt":{"rendered":"<p>O lan\u00e7amento da campanha nacional de vacina\u00e7\u00e3o, que aconteceu na tarde da \u00faltima segunda (27), no Distrito Federal, fugiu dos padr\u00f5es de outras campanhas oficiais de governo. Ao lado do personagem Z\u00e9 Gotinha, o\u00a0presidente da Rep\u00fablica, Luiz In\u00e1cio Lula da Silva, recebeu a dose bivalente da vacina\u00a0contra o coronav\u00edrus, pelas m\u00e3os do vice-presidente Geraldo Alckmin. [&hellip;]<\/p>\n","protected":false},"author":2,"featured_media":13761,"comment_status":"","ping_status":"","sticky":false,"template":"","format":"standard","meta":{"footnotes":""},"categories":[3],"tags":[],"class_list":["post-13762","post","type-post","status-publish","format-standard","has-post-thumbnail","hentry","category-noticias"],"_links":{"self":[{"href":"https:\/\/hostnetart.com.br\/baixada\/wp-json\/wp\/v2\/posts\/13762","targetHints":{"allow":["GET"]}}],"collection":[{"href":"https:\/\/hostnetart.com.br\/baixada\/wp-json\/wp\/v2\/posts"}],"about":[{"href":"https:\/\/hostnetart.com.br\/baixada\/wp-json\/wp\/v2\/types\/post"}],"author":[{"embeddable":true,"href":"https:\/\/hostnetart.com.br\/baixada\/wp-json\/wp\/v2\/users\/2"}],"replies":[{"embeddable":true,"href":"https:\/\/hostnetart.com.br\/baixada\/wp-json\/wp\/v2\/comments?post=13762"}],"version-history":[{"count":0,"href":"https:\/\/hostnetart.com.br\/baixada\/wp-json\/wp\/v2\/posts\/13762\/revisions"}],"wp:featuredmedia":[{"embeddable":true,"href":"https:\/\/hostnetart.com.br\/baixada\/wp-json\/wp\/v2\/media\/13761"}],"wp:attachment":[{"href":"https:\/\/hostnetart.com.br\/baixada\/wp-json\/wp\/v2\/media?parent=13762"}],"wp:term":[{"taxonomy":"category","embeddable":true,"href":"https:\/\/hostnetart.com.br\/baixada\/wp-json\/wp\/v2\/categories?post=13762"},{"taxonomy":"post_tag","embeddable":true,"href":"https:\/\/hostnetart.com.br\/baixada\/wp-json\/wp\/v2\/tags?post=13762"}],"curies":[{"name":"wp","href":"https:\/\/api.w.org\/{rel}","templated":true}]}}