{"id":13760,"date":"2023-03-01T17:40:08","date_gmt":"2023-03-01T20:40:08","guid":{"rendered":"https:\/\/hostnetart.com.br\/baixada\/enquanto-mpt-ouve-vinicolas-envolvidas-em-trabalho-escravo-associacao-patronal-critica-projetos-sociais\/"},"modified":"2023-03-01T17:40:08","modified_gmt":"2023-03-01T20:40:08","slug":"enquanto-mpt-ouve-vinicolas-envolvidas-em-trabalho-escravo-associacao-patronal-critica-projetos-sociais","status":"publish","type":"post","link":"https:\/\/hostnetart.com.br\/baixada\/enquanto-mpt-ouve-vinicolas-envolvidas-em-trabalho-escravo-associacao-patronal-critica-projetos-sociais\/","title":{"rendered":"Enquanto MPT ouve vin\u00edcolas envolvidas em trabalho escravo, associa\u00e7\u00e3o patronal critica projetos sociais"},"content":{"rendered":"<p>O Minist\u00e9rio P\u00fablico do Trabalho no Rio Grande do Sul (MPT-RS) deve encerrar, nesta quarta (1\u00ba), a audi\u00eancias com as vin\u00edcolas envolvidas no uso de m\u00e3o de obra an\u00e1loga \u00e0 escravid\u00e3o. Mais de 200 trabalhadores foram resgatados na semana passada em Bento Gon\u00e7alves (RS). A empresa respons\u00e1vel pela contrata\u00e7\u00e3o de m\u00e3o de obra tamb\u00e9m ser\u00e1 ouvida.\u00a0 Na segunda-feira (27), segundo o MPT, a empresa efetuou a maior parte do pagamento de verbas rescis\u00f3rias. J\u00e1 havia sido feito um adiantamento, no valor de R$ 500, para o retorno de 194 trabalhadores \u00e0 Bahia. A F\u00eanix tamb\u00e9m pagou o transporte, em quatro \u00f4nibus fretados. O restante das verbas foi calculado em aproximadamente R$ 1 milh\u00e3o. O MPT ga\u00facho re\u00fane-se com as tr\u00eas vin\u00edcolas envolvidas no caso (Aurora, Cooperativa Garibaldi e Salton). A Procuradoria vai discutir responsabilidades das empresas contratantes. Outra decis\u00e3o foi formar uma for\u00e7a-tarefa para discutir a\u00e7\u00f5es contra esse problema.<\/p>\n<p>Hoje tamb\u00e9m, a Comiss\u00e3o de Cidadania e Direitos Humanos da Assembleia Legislativa ga\u00facha deve se reunir para discutir o caso. No caso da Assembleia, uma audi\u00eancia p\u00fablica foi solicitada pela deputada Luciana Genro (Psol). Ela \u00e9 autora de projeto (PL 50\/2021), que prop\u00f5e puni\u00e7\u00e3o mais r\u00edgida para empresas que exploram m\u00e3o de obra. Representantes de \u00f3rg\u00e3os p\u00fablicos e entidades foram convidados a participar da reuni\u00e3o.<\/p>\n<h3>Discrimina\u00e7\u00e3o<\/h3>\n<p>Mesmo com todo o processo de responsabiliza\u00e7\u00e3o dos culpados caminhando de forma c\u00e9lere, o Centro da Ind\u00fastria, Com\u00e9rcio e Servi\u00e7os (CIC) de Bento Gon\u00e7alves (RS), entidade que representa as vin\u00edcolas que usavam trabalho an\u00e1logo \u00e0 escravid\u00e3o no Rio Grande do Sul, tentou tirar das empresas a responsabilidade pela contrata\u00e7\u00e3o de profissionais em situa\u00e7\u00e3o desumana. Mais que isso, o CIC tenta colocar no que chama de \u201cassistencialismo\u201d a responsabilidade pelas centenas de pessoas expostas a condi\u00e7\u00f5es degradantes.<\/p>\n<p>Em texto que mistura desumanidade com pitadas de surrealismo, a entidade afirma que h\u00e1 \u201cuma larga parcela da popula\u00e7\u00e3o com plenas condi\u00e7\u00f5es produtivas e que, mesmo assim, encontra-se inativa, sobrevivendo atrav\u00e9s de um sistema assistencialista que nada tem de salutar para a sociedade\u201d, em clara refer\u00eancia a programas como o Bolsa Fam\u00edlia.<\/p>\n<p>De acordo com a entidade, a falta de m\u00e3o de obra e o benef\u00edcio do Bolsa Fam\u00edlia que paga R$ 600 por fam\u00edlia s\u00e3o os maiores respons\u00e1veis pelo aliciamento dos \u201cescravos do vinho\u201d que foram resgatados por fiscais do trabalho.<\/p>\n<p>Um trecho da nota diz: \u201cSitua\u00e7\u00f5es como esta, infelizmente, est\u00e3o tamb\u00e9m relacionadas a um problema que h\u00e1 muito tempo vem sendo enfatizado e trabalhado pelo CIC-BG e Poder P\u00fablico local: a falta de m\u00e3o de obra e a necessidade de investir em projetos e iniciativas que permitam minimizar este grande problema\u201d.<\/p>\n<p>Em nenhum momento os comerciantes da cidade se solidarizaram com as v\u00edtimas, mas defenderam a \u201cidoneidade\u201d das vin\u00edcolas que se beneficiaram da m\u00e3o de obra escrava. \u201cDa mesma forma, \u00e9 fundamental resguardar a idoneidade do setor vin\u00edcola, important\u00edssima for\u00e7a econ\u00f4mica de toda microrregi\u00e3o. \u00c9 de entendimento comum que as vin\u00edcolas envolvidas no caso desconheciam as pr\u00e1ticas da empresa prestadora do servi\u00e7o sob investiga\u00e7\u00e3o e jamais seriam coniventes com tal situa\u00e7\u00e3o\u2026 A elas, o CIC-BG refor\u00e7a seu apoio e coloca-se \u00e0 disposi\u00e7\u00e3o para contribuir com a busca por solu\u00e7\u00f5es de melhoria na contrata\u00e7\u00e3o do trabalho tempor\u00e1rio e terceirizado\u201d, diz a nota do CIC-BG.<\/p>\n<p>Ou seja, para os comerciantes locais o mais importante \u00e9 resguardar os nomes das empresas as isentando de toda e qualquer responsabilidade com os maus-tratos e o horror vivenciados pelos trabalhadores, aliciados com o sonho de um bom emprego, mas que ao chegarem na cidade ficaram sem sal\u00e1rios, endividados e ainda eram impedidos de deixar o trabalho, sem pagar uma suposta d\u00edvida com o mercadinho com pre\u00e7os abusivos, onde eram obrigados a fazer compras.<\/p>\n<p>Eles contaram que trabalhavam diariamente, das 5h \u00e0s 20h, com folgas somente aos s\u00e1bados. Isso representa uma absurda jornada de 15 horas de trabalho. Tamb\u00e9m denunciaram que representantes da empresa ofereciam a eles comida estragada, e que os patr\u00f5es amea\u00e7avam os familiares que vivem na Bahia.<\/p>\n<p>Os comerciantes de Bento Gon\u00e7alves al\u00e9m de n\u00e3o terem nenhuma empatia pelos trabalhadores, ainda se abst\u00eam de enfrentar o problema, que segundo os fiscais do Minist\u00e9rio do Trabalho e Emprego (MTE), \u00e9 recorrente na regi\u00e3o. Al\u00e9m de Bento Gon\u00e7alves foram vistoriadas este ano 24 propriedades rurais nas cidades de Nova Roma do Sul, Caxias do Sul, Flores da Cunha onde foram identificados 170 trabalhadores sem registro, principalmente, baianos, argentinos e ind\u00edgenas, alguns, inclusive, com menos de 18 anos de idade.<\/p>\n<p>O site com a integra da nota do com\u00e9rcio de Bento Gon\u00e7alves, foi retirado do ar.<\/p>\n<p><strong>Fonte: Contraf-CUT<\/strong><\/p>\n","protected":false},"excerpt":{"rendered":"<p>O Minist\u00e9rio P\u00fablico do Trabalho no Rio Grande do Sul (MPT-RS) deve encerrar, nesta quarta (1\u00ba), a audi\u00eancias com as vin\u00edcolas envolvidas no uso de m\u00e3o de obra an\u00e1loga \u00e0 escravid\u00e3o. Mais de 200 trabalhadores foram resgatados na semana passada em Bento Gon\u00e7alves (RS). A empresa respons\u00e1vel pela contrata\u00e7\u00e3o de m\u00e3o de obra tamb\u00e9m ser\u00e1 [&hellip;]<\/p>\n","protected":false},"author":2,"featured_media":13759,"comment_status":"","ping_status":"","sticky":false,"template":"","format":"standard","meta":{"footnotes":""},"categories":[3],"tags":[],"class_list":["post-13760","post","type-post","status-publish","format-standard","has-post-thumbnail","hentry","category-noticias"],"_links":{"self":[{"href":"https:\/\/hostnetart.com.br\/baixada\/wp-json\/wp\/v2\/posts\/13760","targetHints":{"allow":["GET"]}}],"collection":[{"href":"https:\/\/hostnetart.com.br\/baixada\/wp-json\/wp\/v2\/posts"}],"about":[{"href":"https:\/\/hostnetart.com.br\/baixada\/wp-json\/wp\/v2\/types\/post"}],"author":[{"embeddable":true,"href":"https:\/\/hostnetart.com.br\/baixada\/wp-json\/wp\/v2\/users\/2"}],"replies":[{"embeddable":true,"href":"https:\/\/hostnetart.com.br\/baixada\/wp-json\/wp\/v2\/comments?post=13760"}],"version-history":[{"count":0,"href":"https:\/\/hostnetart.com.br\/baixada\/wp-json\/wp\/v2\/posts\/13760\/revisions"}],"wp:featuredmedia":[{"embeddable":true,"href":"https:\/\/hostnetart.com.br\/baixada\/wp-json\/wp\/v2\/media\/13759"}],"wp:attachment":[{"href":"https:\/\/hostnetart.com.br\/baixada\/wp-json\/wp\/v2\/media?parent=13760"}],"wp:term":[{"taxonomy":"category","embeddable":true,"href":"https:\/\/hostnetart.com.br\/baixada\/wp-json\/wp\/v2\/categories?post=13760"},{"taxonomy":"post_tag","embeddable":true,"href":"https:\/\/hostnetart.com.br\/baixada\/wp-json\/wp\/v2\/tags?post=13760"}],"curies":[{"name":"wp","href":"https:\/\/api.w.org\/{rel}","templated":true}]}}