{"id":13756,"date":"2023-02-28T19:16:42","date_gmt":"2023-02-28T22:16:42","guid":{"rendered":"https:\/\/hostnetart.com.br\/baixada\/joao-fukunaga-na-presidencia-da-previ-reforca-pauta-dos-associados\/"},"modified":"2023-02-28T19:16:42","modified_gmt":"2023-02-28T22:16:42","slug":"joao-fukunaga-na-presidencia-da-previ-reforca-pauta-dos-associados","status":"publish","type":"post","link":"https:\/\/hostnetart.com.br\/baixada\/joao-fukunaga-na-presidencia-da-previ-reforca-pauta-dos-associados\/","title":{"rendered":"Jo\u00e3o Fukunaga na Presid\u00eancia da Previ refor\u00e7a pauta dos associados"},"content":{"rendered":"<p>A indica\u00e7\u00e3o de Jo\u00e3o Luiz Fukunaga para presidir a Previ, fundo de previd\u00eancia dos funcion\u00e1rios do Banco do Brasil (BB), foi divulgada na tarde da \u00faltima sexta-feira (24), ap\u00f3s aprova\u00e7\u00e3o do Conselho Deliberativo da entidade, conforme previs\u00e3o estatut\u00e1ria.<\/p>\n<p>Na segunda (27), a Superintend\u00eancia Nacional de Previd\u00eancia Complementar (Previc), entidade p\u00fablica respons\u00e1vel por gerenciar as operadoras de previd\u00eancia privada no pa\u00eds, concedeu para Fukunaga o atestado de habilita\u00e7\u00e3o de dirigente, ap\u00f3s ele cumprir todos os requisitos. O pr\u00f3ximo passo agora \u00e9 a tomada de posse, como presidente da Previ, que ocorre nesta ter\u00e7a-feira (28).\u00a0<\/p>\n<p>Fukunaga \u00e9 funcion\u00e1rio de carreira do BB desde 2008. Em 2018, assumiu a coordena\u00e7\u00e3o da Comiss\u00e3o de Empresa dos Funcion\u00e1rios do Banco do Brasil (CEBB), que representa os trabalhadores na mesa de negocia\u00e7\u00f5es com o BB. Em 2020, se tornou auditor sindical, fun\u00e7\u00e3o prevista no Acordo Coletivo de Trabalho que, entre as v\u00e1rias responsabilidades, realiza a auditoria dos valores da Participa\u00e7\u00e3o nos Lucros e Resultados do banco.\u00a0<\/p>\n<p>Na avalia\u00e7\u00e3o da presidenta da Confedera\u00e7\u00e3o Nacional dos Trabalhadores do Ramo Financeiro (Contraf-CUT), Juvandia Moreira, a trajet\u00f3ria de Fukunaga, \u201cde compromisso com os funcion\u00e1rios e funcion\u00e1rias e com a defesa do banco p\u00fablico, bem como a defesa da reconstru\u00e7\u00e3o do Brasil, mostra que ele est\u00e1 preparado para assumir mais este desafio\u201d.<\/p>\n<p>\u201cJo\u00e3o apresentou, ao longo desses anos, capacidade de lideran\u00e7a, de media\u00e7\u00e3o e de resolu\u00e7\u00e3o de conflitos. Nossa expectativa \u00e9 de uma administra\u00e7\u00e3o ainda mais preparada para atuar em favor dos trabalhadores e trabalhadoras do Banco do Brasil, associados \u00e0 Previ, que \u00e9 uma entidade que foi criada com luta e para garantir aposentadoria digna para os funcion\u00e1rios e prote\u00e7\u00e3o aos seus familiares\u201d, completou.<\/p>\n<p><strong>Fonte: Contraf-CUT<\/strong><\/p>\n","protected":false},"excerpt":{"rendered":"<p>A indica\u00e7\u00e3o de Jo\u00e3o Luiz Fukunaga para presidir a Previ, fundo de previd\u00eancia dos funcion\u00e1rios do Banco do Brasil (BB), foi divulgada na tarde da \u00faltima sexta-feira (24), ap\u00f3s aprova\u00e7\u00e3o do Conselho Deliberativo da entidade, conforme previs\u00e3o estatut\u00e1ria. Na segunda (27), a Superintend\u00eancia Nacional de Previd\u00eancia Complementar (Previc), entidade p\u00fablica respons\u00e1vel por gerenciar as operadoras [&hellip;]<\/p>\n","protected":false},"author":2,"featured_media":13755,"comment_status":"","ping_status":"","sticky":false,"template":"","format":"standard","meta":{"footnotes":""},"categories":[3],"tags":[],"class_list":["post-13756","post","type-post","status-publish","format-standard","has-post-thumbnail","hentry","category-noticias"],"_links":{"self":[{"href":"https:\/\/hostnetart.com.br\/baixada\/wp-json\/wp\/v2\/posts\/13756","targetHints":{"allow":["GET"]}}],"collection":[{"href":"https:\/\/hostnetart.com.br\/baixada\/wp-json\/wp\/v2\/posts"}],"about":[{"href":"https:\/\/hostnetart.com.br\/baixada\/wp-json\/wp\/v2\/types\/post"}],"author":[{"embeddable":true,"href":"https:\/\/hostnetart.com.br\/baixada\/wp-json\/wp\/v2\/users\/2"}],"replies":[{"embeddable":true,"href":"https:\/\/hostnetart.com.br\/baixada\/wp-json\/wp\/v2\/comments?post=13756"}],"version-history":[{"count":0,"href":"https:\/\/hostnetart.com.br\/baixada\/wp-json\/wp\/v2\/posts\/13756\/revisions"}],"wp:featuredmedia":[{"embeddable":true,"href":"https:\/\/hostnetart.com.br\/baixada\/wp-json\/wp\/v2\/media\/13755"}],"wp:attachment":[{"href":"https:\/\/hostnetart.com.br\/baixada\/wp-json\/wp\/v2\/media?parent=13756"}],"wp:term":[{"taxonomy":"category","embeddable":true,"href":"https:\/\/hostnetart.com.br\/baixada\/wp-json\/wp\/v2\/categories?post=13756"},{"taxonomy":"post_tag","embeddable":true,"href":"https:\/\/hostnetart.com.br\/baixada\/wp-json\/wp\/v2\/tags?post=13756"}],"curies":[{"name":"wp","href":"https:\/\/api.w.org\/{rel}","templated":true}]}}