{"id":13754,"date":"2023-02-28T18:32:46","date_gmt":"2023-02-28T21:32:46","guid":{"rendered":"https:\/\/hostnetart.com.br\/baixada\/28-de-fevereiro-dia-internacional-de-combate-as-ler-dort\/"},"modified":"2023-02-28T18:32:46","modified_gmt":"2023-02-28T21:32:46","slug":"28-de-fevereiro-dia-internacional-de-combate-as-ler-dort","status":"publish","type":"post","link":"https:\/\/hostnetart.com.br\/baixada\/28-de-fevereiro-dia-internacional-de-combate-as-ler-dort\/","title":{"rendered":"28 de fevereiro: Dia Internacional de Combate \u00e0s LER\/Dort"},"content":{"rendered":"<p>Nesta ter\u00e7a-feira, 28 de fevereiro, \u00e9 o Dia Internacional de Combate \u00e0s LER\/Dort. A data foi institu\u00edda pela Organiza\u00e7\u00e3o Internacional do Trabalho (OIT), em 2000, devido ao crescimento das doen\u00e7as entre os trabalhadores.<\/p>\n<p>As Ler\/Dort \u2013 les\u00f5es por esfor\u00e7os repetitivo\/dist\u00farbios osteomoleculares \u2013 s\u00e3o um grupo de doen\u00e7as (tendinite, bursite, mialgias etc.) fundamentalmente relacionadas ao trabalho. As doen\u00e7as se caracterizam por dores cr\u00f4nicas que atingem principalmente os membros superiores (dedos, m\u00e3os, punhos, antebra\u00e7os, ombros e bra\u00e7os), membros inferiores e coluna vertebral (pesco\u00e7o, coluna tor\u00e1cica e lombar), decorrentes de sobrecarga do sistema musculoesquel\u00e9tico no trabalho.<\/p>\n<p>Mauro Salles, secret\u00e1rio de Sa\u00fade da Confedera\u00e7\u00e3o Nacional dos Trabalhadores do Ramo Financeiro (Contraf-CUT), lembra que as Ler\/Dort s\u00e3o um grave problema de sa\u00fade em nossa categoria. \u201cA intensifica\u00e7\u00e3o do trabalho com condi\u00e7\u00f5es inadequadas gera uma legi\u00e3o de adoecidos. A cobran\u00e7a de medidas preventivas e garantia de aten\u00e7\u00e3o aos portadores de les\u00f5es \u00e9 uma pauta permanente do movimento sindical banc\u00e1rio. Esta data \u00e9 refer\u00eancia para lembrarmos de forma permanente nossos direitos. Acima de tudo o direito \u00e0 sa\u00fade e condi\u00e7\u00f5es de trabalho dignas\u201d.<\/p>\n<p>Entre 2012 e 2016, 89% de todos os acidentes reconhecidos pelo INSS para banc\u00e1rios e financi\u00e1rios eram transtornos mentais e Ler\/Dort, sendo que 45% eram LER\/Dort, 44% eram transtornos mentais e 11% outros acidentes. Entre 2017 e 2021, 90% dos acidentes reconhecidos foram tamb\u00e9m de LER\/Dort e transtornos mentais (46% Ler\/Dort, 44% transtornos mentais e 10% outros acidentes).<\/p>\n<p>Dos afastamentos n\u00e3o reconhecidos como acidentes, ou seja, os benef\u00edcios comuns, entre 2012\/2016, as LER\/Dort e os transtornos mentais somavam 47% do total. Entre 2017\/2021 esse n\u00famero subiu para 55%.<\/p>\n<p><strong>Fonte: Contraf-CUT<\/strong><\/p>\n","protected":false},"excerpt":{"rendered":"<p>Nesta ter\u00e7a-feira, 28 de fevereiro, \u00e9 o Dia Internacional de Combate \u00e0s LER\/Dort. A data foi institu\u00edda pela Organiza\u00e7\u00e3o Internacional do Trabalho (OIT), em 2000, devido ao crescimento das doen\u00e7as entre os trabalhadores. As Ler\/Dort \u2013 les\u00f5es por esfor\u00e7os repetitivo\/dist\u00farbios osteomoleculares \u2013 s\u00e3o um grupo de doen\u00e7as (tendinite, bursite, mialgias etc.) fundamentalmente relacionadas ao trabalho. [&hellip;]<\/p>\n","protected":false},"author":2,"featured_media":13753,"comment_status":"","ping_status":"","sticky":false,"template":"","format":"standard","meta":{"footnotes":""},"categories":[3],"tags":[],"class_list":["post-13754","post","type-post","status-publish","format-standard","has-post-thumbnail","hentry","category-noticias"],"_links":{"self":[{"href":"https:\/\/hostnetart.com.br\/baixada\/wp-json\/wp\/v2\/posts\/13754","targetHints":{"allow":["GET"]}}],"collection":[{"href":"https:\/\/hostnetart.com.br\/baixada\/wp-json\/wp\/v2\/posts"}],"about":[{"href":"https:\/\/hostnetart.com.br\/baixada\/wp-json\/wp\/v2\/types\/post"}],"author":[{"embeddable":true,"href":"https:\/\/hostnetart.com.br\/baixada\/wp-json\/wp\/v2\/users\/2"}],"replies":[{"embeddable":true,"href":"https:\/\/hostnetart.com.br\/baixada\/wp-json\/wp\/v2\/comments?post=13754"}],"version-history":[{"count":0,"href":"https:\/\/hostnetart.com.br\/baixada\/wp-json\/wp\/v2\/posts\/13754\/revisions"}],"wp:featuredmedia":[{"embeddable":true,"href":"https:\/\/hostnetart.com.br\/baixada\/wp-json\/wp\/v2\/media\/13753"}],"wp:attachment":[{"href":"https:\/\/hostnetart.com.br\/baixada\/wp-json\/wp\/v2\/media?parent=13754"}],"wp:term":[{"taxonomy":"category","embeddable":true,"href":"https:\/\/hostnetart.com.br\/baixada\/wp-json\/wp\/v2\/categories?post=13754"},{"taxonomy":"post_tag","embeddable":true,"href":"https:\/\/hostnetart.com.br\/baixada\/wp-json\/wp\/v2\/tags?post=13754"}],"curies":[{"name":"wp","href":"https:\/\/api.w.org\/{rel}","templated":true}]}}