{"id":13752,"date":"2023-02-28T18:24:52","date_gmt":"2023-02-28T21:24:52","guid":{"rendered":"https:\/\/hostnetart.com.br\/baixada\/comite-de-lutas-sindical-e-popular-da-baixada-fluminense-se-reune-para-selar-unificacao-de-lutas\/"},"modified":"2023-02-28T18:24:52","modified_gmt":"2023-02-28T21:24:52","slug":"comite-de-lutas-sindical-e-popular-da-baixada-fluminense-se-reune-para-selar-unificacao-de-lutas","status":"publish","type":"post","link":"https:\/\/hostnetart.com.br\/baixada\/comite-de-lutas-sindical-e-popular-da-baixada-fluminense-se-reune-para-selar-unificacao-de-lutas\/","title":{"rendered":"Comit\u00ea de Lutas Sindical e Popular da Baixada Fluminense se re\u00fane para selar unifica\u00e7\u00e3o de lutas"},"content":{"rendered":"<p>Na noite da \u00faltima segunda-feira, 27 de fevereiro, ocorreu uma reuni\u00e3o do do Comit\u00ea de Lutas Sindical e Popular da Baixada Fluminense, na Sub-Sede do Sindicato dos Banc\u00e1rios da Baixada Fluminense.\u00a0<\/p>\n<p>A reuni\u00e3o, que contou com a presen\u00e7a de mais de 30 Sindicatos dos Trabalhadores, selou a unifica\u00e7\u00e3o das lutas e a\u00e7\u00f5es dos movimentos sindicais e sociais da regi\u00e3o.<\/p>\n<p>O Sindicato dos Banc\u00e1rios da Baixada Fluminense esteve representado pelos diretores Pedro Batista e Renata Soeiro.<\/p>\n<p>Tamb\u00e9m foi criado um grupo executivo para organizar as agendas de atividades coletivas na Baixada Fluminense.<\/p>\n<p>No pr\u00f3ximo s\u00e1bado, 4 de mar\u00e7o, \u00e0s 9 horas, no Cal\u00e7ad\u00e3o de Nova Igua\u00e7u, haver\u00e1 um Ato P\u00fablico pelos 60 dias do Governo Lula.<\/p>\n<p>Juntos Somos Mais Fortes!<\/p>\n<p><img fetchpriority=\"high\" decoding=\"async\" class=\" size-full wp-image-13750\" src=\"https:\/\/hostnetart.com.br\/baixada\/wp-content\/uploads\/2023\/02\/Comit_de_Lutas_Sindical_e_Popular_da_Baixada_Fluminense_se_rene_para_selar_unificao_de_lutas_3.jpg\" width=\"1032\" height=\"774\" srcset=\"https:\/\/hostnetart.com.br\/baixada\/wp-content\/uploads\/2023\/02\/Comit_de_Lutas_Sindical_e_Popular_da_Baixada_Fluminense_se_rene_para_selar_unificao_de_lutas_3.jpg 1032w, https:\/\/hostnetart.com.br\/baixada\/wp-content\/uploads\/2023\/02\/Comit_de_Lutas_Sindical_e_Popular_da_Baixada_Fluminense_se_rene_para_selar_unificao_de_lutas_3-600x450.jpg 600w, https:\/\/hostnetart.com.br\/baixada\/wp-content\/uploads\/2023\/02\/Comit_de_Lutas_Sindical_e_Popular_da_Baixada_Fluminense_se_rene_para_selar_unificao_de_lutas_3-1024x768.jpg 1024w, https:\/\/hostnetart.com.br\/baixada\/wp-content\/uploads\/2023\/02\/Comit_de_Lutas_Sindical_e_Popular_da_Baixada_Fluminense_se_rene_para_selar_unificao_de_lutas_3-768x576.jpg 768w\" sizes=\"(max-width: 1032px) 100vw, 1032px\" \/><img decoding=\"async\" class=\" size-full wp-image-13751\" src=\"https:\/\/hostnetart.com.br\/baixada\/wp-content\/uploads\/2023\/02\/Comit_de_Lutas_Sindical_e_Popular_da_Baixada_Fluminense_se_rene_para_selar_unificao_de_lutas_2.jpg\" width=\"1599\" height=\"899\" srcset=\"https:\/\/hostnetart.com.br\/baixada\/wp-content\/uploads\/2023\/02\/Comit_de_Lutas_Sindical_e_Popular_da_Baixada_Fluminense_se_rene_para_selar_unificao_de_lutas_2.jpg 1599w, https:\/\/hostnetart.com.br\/baixada\/wp-content\/uploads\/2023\/02\/Comit_de_Lutas_Sindical_e_Popular_da_Baixada_Fluminense_se_rene_para_selar_unificao_de_lutas_2-600x337.jpg 600w, https:\/\/hostnetart.com.br\/baixada\/wp-content\/uploads\/2023\/02\/Comit_de_Lutas_Sindical_e_Popular_da_Baixada_Fluminense_se_rene_para_selar_unificao_de_lutas_2-1024x576.jpg 1024w, https:\/\/hostnetart.com.br\/baixada\/wp-content\/uploads\/2023\/02\/Comit_de_Lutas_Sindical_e_Popular_da_Baixada_Fluminense_se_rene_para_selar_unificao_de_lutas_2-768x432.jpg 768w, https:\/\/hostnetart.com.br\/baixada\/wp-content\/uploads\/2023\/02\/Comit_de_Lutas_Sindical_e_Popular_da_Baixada_Fluminense_se_rene_para_selar_unificao_de_lutas_2-1536x864.jpg 1536w\" sizes=\"(max-width: 1599px) 100vw, 1599px\" \/><\/p>\n<p>\u00a0<\/p>\n","protected":false},"excerpt":{"rendered":"<p>Na noite da \u00faltima segunda-feira, 27 de fevereiro, ocorreu uma reuni\u00e3o do do Comit\u00ea de Lutas Sindical e Popular da Baixada Fluminense, na Sub-Sede do Sindicato dos Banc\u00e1rios da Baixada Fluminense.\u00a0 A reuni\u00e3o, que contou com a presen\u00e7a de mais de 30 Sindicatos dos Trabalhadores, selou a unifica\u00e7\u00e3o das lutas e a\u00e7\u00f5es dos movimentos sindicais [&hellip;]<\/p>\n","protected":false},"author":2,"featured_media":13749,"comment_status":"","ping_status":"","sticky":false,"template":"","format":"standard","meta":{"footnotes":""},"categories":[3],"tags":[],"class_list":["post-13752","post","type-post","status-publish","format-standard","has-post-thumbnail","hentry","category-noticias"],"_links":{"self":[{"href":"https:\/\/hostnetart.com.br\/baixada\/wp-json\/wp\/v2\/posts\/13752","targetHints":{"allow":["GET"]}}],"collection":[{"href":"https:\/\/hostnetart.com.br\/baixada\/wp-json\/wp\/v2\/posts"}],"about":[{"href":"https:\/\/hostnetart.com.br\/baixada\/wp-json\/wp\/v2\/types\/post"}],"author":[{"embeddable":true,"href":"https:\/\/hostnetart.com.br\/baixada\/wp-json\/wp\/v2\/users\/2"}],"replies":[{"embeddable":true,"href":"https:\/\/hostnetart.com.br\/baixada\/wp-json\/wp\/v2\/comments?post=13752"}],"version-history":[{"count":0,"href":"https:\/\/hostnetart.com.br\/baixada\/wp-json\/wp\/v2\/posts\/13752\/revisions"}],"wp:featuredmedia":[{"embeddable":true,"href":"https:\/\/hostnetart.com.br\/baixada\/wp-json\/wp\/v2\/media\/13749"}],"wp:attachment":[{"href":"https:\/\/hostnetart.com.br\/baixada\/wp-json\/wp\/v2\/media?parent=13752"}],"wp:term":[{"taxonomy":"category","embeddable":true,"href":"https:\/\/hostnetart.com.br\/baixada\/wp-json\/wp\/v2\/categories?post=13752"},{"taxonomy":"post_tag","embeddable":true,"href":"https:\/\/hostnetart.com.br\/baixada\/wp-json\/wp\/v2\/tags?post=13752"}],"curies":[{"name":"wp","href":"https:\/\/api.w.org\/{rel}","templated":true}]}}