{"id":13746,"date":"2023-02-28T18:11:02","date_gmt":"2023-02-28T21:11:02","guid":{"rendered":"https:\/\/hostnetart.com.br\/baixada\/fetraf-rj-es-realiza-sistema-diretivo-nesta-terca-28\/"},"modified":"2023-02-28T18:11:02","modified_gmt":"2023-02-28T21:11:02","slug":"fetraf-rj-es-realiza-sistema-diretivo-nesta-terca-28","status":"publish","type":"post","link":"https:\/\/hostnetart.com.br\/baixada\/fetraf-rj-es-realiza-sistema-diretivo-nesta-terca-28\/","title":{"rendered":"Fetraf RJ\/ES realiza Sistema Diretivo nesta ter\u00e7a (28)"},"content":{"rendered":"<div class=\"elementor elementor-12262 elementor-location-single post-20672 post type-post status-publish format-standard has-post-thumbnail hentry category-noticias category-noticias-dos-sindicatos\" data-elementor-type=\"single-post\" data-elementor-id=\"12262\" data-elementor-settings=\"[]\">\n<div class=\"elementor-section-wrap\">\n<section class=\"elementor-section elementor-top-section elementor-element elementor-element-e256549 elementor-section-boxed elementor-section-height-default elementor-section-height-default\" data-id=\"e256549\" data-element_type=\"section\" data-settings=\"{&quot;background_background&quot;:&quot;classic&quot;}\">\n<div class=\"elementor-container elementor-column-gap-default\">\n<div class=\"elementor-row\">\n<div class=\"elementor-column elementor-col-100 elementor-top-column elementor-element elementor-element-3aa54a3\" data-id=\"3aa54a3\" data-element_type=\"column\">\n<div class=\"elementor-column-wrap elementor-element-populated\">\n<div class=\"elementor-widget-wrap\">\n<div class=\"elementor-element elementor-element-43a09ee elementor-widget elementor-widget-theme-post-content\" data-id=\"43a09ee\" data-element_type=\"widget\" data-widget_type=\"theme-post-content.default\">\n<div class=\"elementor-widget-container\">\n<p>Nesta ter\u00e7a-feira, 28 de fevereiro, a Federa\u00e7\u00e3o dos Trabalhadores do Ramo Financeiro dos Estados do Rio de Janeiro e Esp\u00edrito Santo (Fetraf-RJ\/ES) realizou Sistema Diretivo que contou com a participa\u00e7\u00e3o de representantes dos sete sindicatos filiados: Angra dos Reis e Regi\u00e3o, Baixada Fluminense, Esp\u00edrito Santo, Itaperuna e Regi\u00e3o, Maca\u00e9 e Regi\u00e3o, Nova Friburgo e Regi\u00e3o, Tr\u00eas Rios e Regi\u00e3o.<\/p>\n<p>\u00c9 a primeira vez que a modalidade h\u00edbrida (on-line e presencial) \u00e9 utilizada para a realiza\u00e7\u00e3o do Sistema Diretivo. Com uma estrutura de transmiss\u00e3o disponibilizada pela Federa\u00e7\u00e3o, diretoras e diretores de Sindicatos distantes, ou que n\u00e3o puderam estar presentes, tamb\u00e9m participaram, virtualmente, da reuni\u00e3o.<\/p>\n<p>Foi o quarto Sistema Diretivo da nova gest\u00e3o da Fetraf RJ\/ES, realizado no audit\u00f3rio da entidade, localizada no Centro do Rio de Janeiro.<\/p>\n<p><em>Confira as fotos:<\/em><\/p>\n<p><img fetchpriority=\"high\" decoding=\"async\" class=\"alignnone size-full wp-image-20674\" src=\"https:\/\/fetrafrjes.org.br\/wp-content\/uploads\/2023\/02\/ED1BC5E5-7B4C-4282-97BE-CAF0353ED40B-scaled.jpeg\" sizes=\"(max-width: 2560px) 100vw, 2560px\" srcset=\"https:\/\/fetrafrjes.org.br\/wp-content\/uploads\/2023\/02\/ED1BC5E5-7B4C-4282-97BE-CAF0353ED40B-scaled.jpeg 2560w, https:\/\/fetrafrjes.org.br\/wp-content\/uploads\/2023\/02\/ED1BC5E5-7B4C-4282-97BE-CAF0353ED40B-600x450.jpeg 600w, https:\/\/fetrafrjes.org.br\/wp-content\/uploads\/2023\/02\/ED1BC5E5-7B4C-4282-97BE-CAF0353ED40B-1024x768.jpeg 1024w, https:\/\/fetrafrjes.org.br\/wp-content\/uploads\/2023\/02\/ED1BC5E5-7B4C-4282-97BE-CAF0353ED40B-768x576.jpeg 768w, https:\/\/fetrafrjes.org.br\/wp-content\/uploads\/2023\/02\/ED1BC5E5-7B4C-4282-97BE-CAF0353ED40B-1536x1152.jpeg 1536w, https:\/\/fetrafrjes.org.br\/wp-content\/uploads\/2023\/02\/ED1BC5E5-7B4C-4282-97BE-CAF0353ED40B-2048x1536.jpeg 2048w, https:\/\/fetrafrjes.org.br\/wp-content\/uploads\/2023\/02\/ED1BC5E5-7B4C-4282-97BE-CAF0353ED40B-1200x900.jpeg 1200w, https:\/\/fetrafrjes.org.br\/wp-content\/uploads\/2023\/02\/ED1BC5E5-7B4C-4282-97BE-CAF0353ED40B-1980x1485.jpeg 1980w\" alt=\"\" width=\"2560\" height=\"1920\" \/><img decoding=\"async\" class=\"alignnone size-full wp-image-20675\" src=\"https:\/\/fetrafrjes.org.br\/wp-content\/uploads\/2023\/02\/78838E5B-7919-4F1C-924F-993C48F67AAC-scaled.jpeg\" sizes=\"(max-width: 2560px) 100vw, 2560px\" srcset=\"https:\/\/fetrafrjes.org.br\/wp-content\/uploads\/2023\/02\/78838E5B-7919-4F1C-924F-993C48F67AAC-scaled.jpeg 2560w, https:\/\/fetrafrjes.org.br\/wp-content\/uploads\/2023\/02\/78838E5B-7919-4F1C-924F-993C48F67AAC-600x450.jpeg 600w, https:\/\/fetrafrjes.org.br\/wp-content\/uploads\/2023\/02\/78838E5B-7919-4F1C-924F-993C48F67AAC-1024x768.jpeg 1024w, https:\/\/fetrafrjes.org.br\/wp-content\/uploads\/2023\/02\/78838E5B-7919-4F1C-924F-993C48F67AAC-768x576.jpeg 768w, https:\/\/fetrafrjes.org.br\/wp-content\/uploads\/2023\/02\/78838E5B-7919-4F1C-924F-993C48F67AAC-1536x1152.jpeg 1536w, https:\/\/fetrafrjes.org.br\/wp-content\/uploads\/2023\/02\/78838E5B-7919-4F1C-924F-993C48F67AAC-2048x1536.jpeg 2048w, https:\/\/fetrafrjes.org.br\/wp-content\/uploads\/2023\/02\/78838E5B-7919-4F1C-924F-993C48F67AAC-1200x900.jpeg 1200w, https:\/\/fetrafrjes.org.br\/wp-content\/uploads\/2023\/02\/78838E5B-7919-4F1C-924F-993C48F67AAC-1980x1485.jpeg 1980w\" alt=\"\" width=\"2560\" height=\"1920\" \/><img decoding=\"async\" class=\"alignnone size-full wp-image-20676\" src=\"https:\/\/fetrafrjes.org.br\/wp-content\/uploads\/2023\/02\/1B2BF71D-533B-4707-A24B-BC9B41DBE033-scaled.jpeg\" sizes=\"(max-width: 2560px) 100vw, 2560px\" srcset=\"https:\/\/fetrafrjes.org.br\/wp-content\/uploads\/2023\/02\/1B2BF71D-533B-4707-A24B-BC9B41DBE033-scaled.jpeg 2560w, https:\/\/fetrafrjes.org.br\/wp-content\/uploads\/2023\/02\/1B2BF71D-533B-4707-A24B-BC9B41DBE033-600x450.jpeg 600w, https:\/\/fetrafrjes.org.br\/wp-content\/uploads\/2023\/02\/1B2BF71D-533B-4707-A24B-BC9B41DBE033-1024x768.jpeg 1024w, https:\/\/fetrafrjes.org.br\/wp-content\/uploads\/2023\/02\/1B2BF71D-533B-4707-A24B-BC9B41DBE033-768x576.jpeg 768w, https:\/\/fetrafrjes.org.br\/wp-content\/uploads\/2023\/02\/1B2BF71D-533B-4707-A24B-BC9B41DBE033-1536x1152.jpeg 1536w, https:\/\/fetrafrjes.org.br\/wp-content\/uploads\/2023\/02\/1B2BF71D-533B-4707-A24B-BC9B41DBE033-2048x1536.jpeg 2048w, https:\/\/fetrafrjes.org.br\/wp-content\/uploads\/2023\/02\/1B2BF71D-533B-4707-A24B-BC9B41DBE033-1200x900.jpeg 1200w, https:\/\/fetrafrjes.org.br\/wp-content\/uploads\/2023\/02\/1B2BF71D-533B-4707-A24B-BC9B41DBE033-1980x1485.jpeg 1980w\" alt=\"\" width=\"2560\" height=\"1920\" \/><img loading=\"lazy\" decoding=\"async\" class=\"alignnone size-full wp-image-20677\" src=\"https:\/\/fetrafrjes.org.br\/wp-content\/uploads\/2023\/02\/13F7D3AC-2F10-482C-B661-89A1C48F52DA-scaled.jpeg\" sizes=\"(max-width: 2560px) 100vw, 2560px\" srcset=\"https:\/\/fetrafrjes.org.br\/wp-content\/uploads\/2023\/02\/13F7D3AC-2F10-482C-B661-89A1C48F52DA-scaled.jpeg 2560w, https:\/\/fetrafrjes.org.br\/wp-content\/uploads\/2023\/02\/13F7D3AC-2F10-482C-B661-89A1C48F52DA-600x450.jpeg 600w, https:\/\/fetrafrjes.org.br\/wp-content\/uploads\/2023\/02\/13F7D3AC-2F10-482C-B661-89A1C48F52DA-1024x768.jpeg 1024w, https:\/\/fetrafrjes.org.br\/wp-content\/uploads\/2023\/02\/13F7D3AC-2F10-482C-B661-89A1C48F52DA-768x576.jpeg 768w, https:\/\/fetrafrjes.org.br\/wp-content\/uploads\/2023\/02\/13F7D3AC-2F10-482C-B661-89A1C48F52DA-1536x1152.jpeg 1536w, https:\/\/fetrafrjes.org.br\/wp-content\/uploads\/2023\/02\/13F7D3AC-2F10-482C-B661-89A1C48F52DA-2048x1536.jpeg 2048w, https:\/\/fetrafrjes.org.br\/wp-content\/uploads\/2023\/02\/13F7D3AC-2F10-482C-B661-89A1C48F52DA-1200x900.jpeg 1200w, https:\/\/fetrafrjes.org.br\/wp-content\/uploads\/2023\/02\/13F7D3AC-2F10-482C-B661-89A1C48F52DA-1980x1485.jpeg 1980w\" alt=\"\" width=\"2560\" height=\"1920\" \/><img loading=\"lazy\" decoding=\"async\" class=\"alignnone size-full wp-image-20678\" src=\"https:\/\/fetrafrjes.org.br\/wp-content\/uploads\/2023\/02\/59F3C7C4-9B38-4FE5-80F0-2C0D2F61C043-scaled.jpeg\" sizes=\"(max-width: 2560px) 100vw, 2560px\" srcset=\"https:\/\/fetrafrjes.org.br\/wp-content\/uploads\/2023\/02\/59F3C7C4-9B38-4FE5-80F0-2C0D2F61C043-scaled.jpeg 2560w, https:\/\/fetrafrjes.org.br\/wp-content\/uploads\/2023\/02\/59F3C7C4-9B38-4FE5-80F0-2C0D2F61C043-600x450.jpeg 600w, https:\/\/fetrafrjes.org.br\/wp-content\/uploads\/2023\/02\/59F3C7C4-9B38-4FE5-80F0-2C0D2F61C043-1024x768.jpeg 1024w, https:\/\/fetrafrjes.org.br\/wp-content\/uploads\/2023\/02\/59F3C7C4-9B38-4FE5-80F0-2C0D2F61C043-768x576.jpeg 768w, https:\/\/fetrafrjes.org.br\/wp-content\/uploads\/2023\/02\/59F3C7C4-9B38-4FE5-80F0-2C0D2F61C043-1536x1152.jpeg 1536w, https:\/\/fetrafrjes.org.br\/wp-content\/uploads\/2023\/02\/59F3C7C4-9B38-4FE5-80F0-2C0D2F61C043-2048x1536.jpeg 2048w, https:\/\/fetrafrjes.org.br\/wp-content\/uploads\/2023\/02\/59F3C7C4-9B38-4FE5-80F0-2C0D2F61C043-1200x900.jpeg 1200w, https:\/\/fetrafrjes.org.br\/wp-content\/uploads\/2023\/02\/59F3C7C4-9B38-4FE5-80F0-2C0D2F61C043-1980x1485.jpeg 1980w\" alt=\"\" width=\"2560\" height=\"1920\" \/><img loading=\"lazy\" decoding=\"async\" class=\"alignnone size-full wp-image-20679\" src=\"https:\/\/fetrafrjes.org.br\/wp-content\/uploads\/2023\/02\/A0A31C92-D877-4811-8AE2-AD72F93855AA-scaled.jpeg\" sizes=\"(max-width: 2560px) 100vw, 2560px\" srcset=\"https:\/\/fetrafrjes.org.br\/wp-content\/uploads\/2023\/02\/A0A31C92-D877-4811-8AE2-AD72F93855AA-scaled.jpeg 2560w, https:\/\/fetrafrjes.org.br\/wp-content\/uploads\/2023\/02\/A0A31C92-D877-4811-8AE2-AD72F93855AA-600x450.jpeg 600w, https:\/\/fetrafrjes.org.br\/wp-content\/uploads\/2023\/02\/A0A31C92-D877-4811-8AE2-AD72F93855AA-1024x768.jpeg 1024w, https:\/\/fetrafrjes.org.br\/wp-content\/uploads\/2023\/02\/A0A31C92-D877-4811-8AE2-AD72F93855AA-768x576.jpeg 768w, https:\/\/fetrafrjes.org.br\/wp-content\/uploads\/2023\/02\/A0A31C92-D877-4811-8AE2-AD72F93855AA-1536x1152.jpeg 1536w, https:\/\/fetrafrjes.org.br\/wp-content\/uploads\/2023\/02\/A0A31C92-D877-4811-8AE2-AD72F93855AA-2048x1536.jpeg 2048w, https:\/\/fetrafrjes.org.br\/wp-content\/uploads\/2023\/02\/A0A31C92-D877-4811-8AE2-AD72F93855AA-1200x900.jpeg 1200w, https:\/\/fetrafrjes.org.br\/wp-content\/uploads\/2023\/02\/A0A31C92-D877-4811-8AE2-AD72F93855AA-1980x1485.jpeg 1980w\" alt=\"\" width=\"2560\" height=\"1920\" \/><img loading=\"lazy\" decoding=\"async\" class=\"alignnone size-full wp-image-20680\" src=\"https:\/\/fetrafrjes.org.br\/wp-content\/uploads\/2023\/02\/9D7DA585-1610-48B1-B486-9470E6100B57-scaled.jpeg\" sizes=\"(max-width: 2560px) 100vw, 2560px\" srcset=\"https:\/\/fetrafrjes.org.br\/wp-content\/uploads\/2023\/02\/9D7DA585-1610-48B1-B486-9470E6100B57-scaled.jpeg 2560w, https:\/\/fetrafrjes.org.br\/wp-content\/uploads\/2023\/02\/9D7DA585-1610-48B1-B486-9470E6100B57-600x450.jpeg 600w, https:\/\/fetrafrjes.org.br\/wp-content\/uploads\/2023\/02\/9D7DA585-1610-48B1-B486-9470E6100B57-1024x768.jpeg 1024w, https:\/\/fetrafrjes.org.br\/wp-content\/uploads\/2023\/02\/9D7DA585-1610-48B1-B486-9470E6100B57-768x576.jpeg 768w, https:\/\/fetrafrjes.org.br\/wp-content\/uploads\/2023\/02\/9D7DA585-1610-48B1-B486-9470E6100B57-1536x1152.jpeg 1536w, https:\/\/fetrafrjes.org.br\/wp-content\/uploads\/2023\/02\/9D7DA585-1610-48B1-B486-9470E6100B57-2048x1536.jpeg 2048w, https:\/\/fetrafrjes.org.br\/wp-content\/uploads\/2023\/02\/9D7DA585-1610-48B1-B486-9470E6100B57-1200x900.jpeg 1200w, https:\/\/fetrafrjes.org.br\/wp-content\/uploads\/2023\/02\/9D7DA585-1610-48B1-B486-9470E6100B57-1980x1485.jpeg 1980w\" alt=\"\" width=\"2560\" height=\"1920\" \/><img loading=\"lazy\" decoding=\"async\" class=\"alignnone size-full wp-image-20681\" src=\"https:\/\/fetrafrjes.org.br\/wp-content\/uploads\/2023\/02\/54B77217-971E-4112-A930-C3EA927BCD0C-scaled.jpeg\" sizes=\"(max-width: 2560px) 100vw, 2560px\" srcset=\"https:\/\/fetrafrjes.org.br\/wp-content\/uploads\/2023\/02\/54B77217-971E-4112-A930-C3EA927BCD0C-scaled.jpeg 2560w, https:\/\/fetrafrjes.org.br\/wp-content\/uploads\/2023\/02\/54B77217-971E-4112-A930-C3EA927BCD0C-600x450.jpeg 600w, https:\/\/fetrafrjes.org.br\/wp-content\/uploads\/2023\/02\/54B77217-971E-4112-A930-C3EA927BCD0C-1024x768.jpeg 1024w, https:\/\/fetrafrjes.org.br\/wp-content\/uploads\/2023\/02\/54B77217-971E-4112-A930-C3EA927BCD0C-768x576.jpeg 768w, https:\/\/fetrafrjes.org.br\/wp-content\/uploads\/2023\/02\/54B77217-971E-4112-A930-C3EA927BCD0C-1536x1152.jpeg 1536w, https:\/\/fetrafrjes.org.br\/wp-content\/uploads\/2023\/02\/54B77217-971E-4112-A930-C3EA927BCD0C-2048x1536.jpeg 2048w, https:\/\/fetrafrjes.org.br\/wp-content\/uploads\/2023\/02\/54B77217-971E-4112-A930-C3EA927BCD0C-1200x900.jpeg 1200w, https:\/\/fetrafrjes.org.br\/wp-content\/uploads\/2023\/02\/54B77217-971E-4112-A930-C3EA927BCD0C-1980x1485.jpeg 1980w\" alt=\"\" width=\"2560\" height=\"1920\" \/><\/p>\n<\/div>\n<\/div>\n<\/div>\n<\/div>\n<\/div>\n<\/div>\n<\/div>\n<\/section>\n<\/div>\n<\/div>\n<div class=\"elementor elementor-12132 elementor-location-footer\" data-elementor-type=\"footer\" data-elementor-id=\"12132\" data-elementor-settings=\"[]\">\n<div class=\"elementor-section-wrap\">\n<section class=\"elementor-section elementor-top-section elementor-element elementor-element-278ec55 elementor-section-boxed elementor-section-height-default elementor-section-height-default\" data-id=\"278ec55\" data-element_type=\"section\" data-settings=\"{&quot;background_background&quot;:&quot;classic&quot;}\">\n<div class=\"elementor-container elementor-column-gap-default\">\n<div class=\"elementor-row\">\n<div class=\"elementor-column elementor-col-33 elementor-top-column elementor-element elementor-element-b87845a\" data-id=\"b87845a\" data-element_type=\"column\">\n<div class=\"elementor-column-wrap elementor-element-populated\">\n<div class=\"elementor-widget-wrap\">\n<div class=\"elementor-element elementor-element-82c3518 elementor-widget elementor-widget-image\" data-id=\"82c3518\" data-element_type=\"widget\" data-widget_type=\"image.default\">\n<div class=\"elementor-widget-container\">\n<div class=\"elementor-image\">\u00a0<\/div>\n<div class=\"elementor-image\"><strong>Fonte: Fetraf RJ\/ES<\/strong><\/div>\n<\/div>\n<\/div>\n<\/div>\n<\/div>\n<\/div>\n<\/div>\n<\/div>\n<\/section>\n<\/div>\n<\/div>\n","protected":false},"excerpt":{"rendered":"<p>Nesta ter\u00e7a-feira, 28 de fevereiro, a Federa\u00e7\u00e3o dos Trabalhadores do Ramo Financeiro dos Estados do Rio de Janeiro e Esp\u00edrito Santo (Fetraf-RJ\/ES) realizou Sistema Diretivo que contou com a participa\u00e7\u00e3o de representantes dos sete sindicatos filiados: Angra dos Reis e Regi\u00e3o, Baixada Fluminense, Esp\u00edrito Santo, Itaperuna e Regi\u00e3o, Maca\u00e9 e Regi\u00e3o, Nova Friburgo e Regi\u00e3o, [&hellip;]<\/p>\n","protected":false},"author":2,"featured_media":13745,"comment_status":"","ping_status":"","sticky":false,"template":"","format":"standard","meta":{"footnotes":""},"categories":[3],"tags":[],"class_list":["post-13746","post","type-post","status-publish","format-standard","has-post-thumbnail","hentry","category-noticias"],"_links":{"self":[{"href":"https:\/\/hostnetart.com.br\/baixada\/wp-json\/wp\/v2\/posts\/13746","targetHints":{"allow":["GET"]}}],"collection":[{"href":"https:\/\/hostnetart.com.br\/baixada\/wp-json\/wp\/v2\/posts"}],"about":[{"href":"https:\/\/hostnetart.com.br\/baixada\/wp-json\/wp\/v2\/types\/post"}],"author":[{"embeddable":true,"href":"https:\/\/hostnetart.com.br\/baixada\/wp-json\/wp\/v2\/users\/2"}],"replies":[{"embeddable":true,"href":"https:\/\/hostnetart.com.br\/baixada\/wp-json\/wp\/v2\/comments?post=13746"}],"version-history":[{"count":0,"href":"https:\/\/hostnetart.com.br\/baixada\/wp-json\/wp\/v2\/posts\/13746\/revisions"}],"wp:featuredmedia":[{"embeddable":true,"href":"https:\/\/hostnetart.com.br\/baixada\/wp-json\/wp\/v2\/media\/13745"}],"wp:attachment":[{"href":"https:\/\/hostnetart.com.br\/baixada\/wp-json\/wp\/v2\/media?parent=13746"}],"wp:term":[{"taxonomy":"category","embeddable":true,"href":"https:\/\/hostnetart.com.br\/baixada\/wp-json\/wp\/v2\/categories?post=13746"},{"taxonomy":"post_tag","embeddable":true,"href":"https:\/\/hostnetart.com.br\/baixada\/wp-json\/wp\/v2\/tags?post=13746"}],"curies":[{"name":"wp","href":"https:\/\/api.w.org\/{rel}","templated":true}]}}