{"id":13742,"date":"2023-02-27T18:33:26","date_gmt":"2023-02-27T21:33:26","guid":{"rendered":"https:\/\/hostnetart.com.br\/baixada\/acoes-de-apoio-a-vitimas-no-litoral-norte-de-sao-paulo-continuam\/"},"modified":"2023-02-27T18:33:26","modified_gmt":"2023-02-27T21:33:26","slug":"acoes-de-apoio-a-vitimas-no-litoral-norte-de-sao-paulo-continuam","status":"publish","type":"post","link":"https:\/\/hostnetart.com.br\/baixada\/acoes-de-apoio-a-vitimas-no-litoral-norte-de-sao-paulo-continuam\/","title":{"rendered":"A\u00e7\u00f5es de apoio a v\u00edtimas no litoral norte de S\u00e3o Paulo continuam"},"content":{"rendered":"<p>A situa\u00e7\u00e3o no litoral norte de S\u00e3o Paulo segue muito dif\u00edcil, por causa dos desastres provocados pelas chuvas durante o Carnaval. At\u00e9 o fechamento desta mat\u00e9ria, na tarde desta sexta (24), a Defesa Civil Estadual havia confirmado 54 mortes (53 em S\u00e3o Sebasti\u00e3o e uma em Ubatuba), 30 pessoas desaparecidas e mais de 4 mil desalojados. Outras cidades, como Bertioga e Ubatuba, tamb\u00e9m foram atingidas.<\/p>\n<p>As campanhas humanit\u00e1rias est\u00e3o concentradas na arrecada\u00e7\u00e3o e distribui\u00e7\u00e3o de alimento, \u00e1gua, roupa e material de higiene, como tamb\u00e9m em cuidados aos atingidos. Entidades em a\u00e7\u00e3o nos locais afetados pedem o m\u00e1ximo poss\u00edvel de doa\u00e7\u00e3o de \u00e1gua pot\u00e1vel no momento. Veja abaixo caminhos para se solidarizar e fazer doa\u00e7\u00f5es.<\/p>\n<p>O Sindicato Solid\u00e1rio est\u00e1 em a\u00e7\u00e3o junto a entidades sindicais, de governo e da sociedade civil, em mobiliza\u00e7\u00e3o de solidariedade e ajuda \u00e0s v\u00edtimas. Como explica a secret\u00e1ria de Organiza\u00e7\u00e3o do Ramo Financeiro e Pol\u00edtica Sindical da Confedera\u00e7\u00e3o Nacional dos Trabalhadores do Ramo Financeiro (Contraf-CUT), Magaly Fagundes, \u201co trabalho est\u00e1 concentrado na organiza\u00e7\u00e3o de parcerias com ONGs, sindicatos e entidades que est\u00e3o atuando no socorro de v\u00edtimas, em aten\u00e7\u00e3o a desalojados e todo o tipo de apoio para resolver essa situa\u00e7\u00e3o muito triste\u201d.<\/p>\n<p>Os trabalhos da Defesa Civil continuam para resgate de pessoas e libera\u00e7\u00e3o de espa\u00e7os para a circula\u00e7\u00e3o em seguran\u00e7a e devem seguir por muito tempo. A aten\u00e7\u00e3o tamb\u00e9m est\u00e1 voltada ao tempo, pois h\u00e1 previs\u00e3o de mais chuvas nos pr\u00f3ximos dias. \u201cA situa\u00e7\u00e3o de calamidade pode se estender por dias, ent\u00e3o a solidariedade tem que se fortalecer a cada hora, por isso tamb\u00e9m estamos nos comunicando com a categoria e com entidades sindicais parceiras no sentido de fortalecer essa rede de ajuda humanit\u00e1ria\u201d, conclui a secret\u00e1ria.<\/p>\n<p>A Contraf-CUT tamb\u00e9m est\u00e1 em di\u00e1logo institucional com a Federa\u00e7\u00e3o Brasileira dos Bancos (Febraban), para que os bancos participem das a\u00e7\u00f5es humanit\u00e1rias. Tamb\u00e9m est\u00e3o sendo encaminhadas a\u00e7\u00f5es junto a \u00f3rg\u00e3os p\u00fablicos, das esferas municipais, estadual e federal, tanto para iniciativas de solidariedade no momento atual, como para a\u00e7\u00f5es no sentido de se evitar que desastres parecidos se repitam.<\/p>\n<p>Para o secret\u00e1rio de Pol\u00edticas Sociais da Contraf-CUT, Elias Jord\u00e3o, \u201cquando acontece uma trag\u00e9dia como essa, a sociedade toda tem que se mobilizar para prestar ajuda humanit\u00e1ria, reconstruir os estragos e se preparar para evitar que desastres semelhantes voltem a acontecer\u201d. O secret\u00e1rio lembra que o litoral norte paulista ainda est\u00e1 no momento mais forte da crise, com muitos desabrigados com necessidade de assist\u00eancia. \u201cA solidariedade \u00e9 o que mais conta agora, temos que ajudar as v\u00edtimas, que se encontram numa situa\u00e7\u00e3o que mais parece um cen\u00e1rio de guerra\u201d, completa.<\/p>\n<p>O secret\u00e1rio de Combate ao Racismo da Contraf-CUT, Almir Aguiar, reafirma a import\u00e2ncia do envolvimento de banc\u00e1rias e banc\u00e1rios na campanha de solidariedade. \u201cSomos uma categoria organizada, presente em quase todas as cidades do Brasil, consciente de sua for\u00e7a e sua import\u00e2ncia na sociedade e capaz de se mobilizar por seus direitos e por uma sociedade mais humana\u201d, diz. Para ele, no momento \u00e9 importante atrair mais apoio ao movimento humanit\u00e1rio. \u201cVamos todos atuar junto aos sindicatos e como cidad\u00e3os, oferecendo a ajuda que cada um puder e tamb\u00e9m divulgando esta iniciativa em busca de mais solidariedade\u201d, incentiva o secret\u00e1rio.<strong><\/p>\n<p><\/strong><\/p>\n<h3><strong>CUT de S\u00e3o Jos\u00e9 dos Campos<\/strong><\/h3>\n<p>A subsede da Central \u00danica dos Trabalhadores (CUT) de S\u00e3o Jos\u00e9 dos Campos est\u00e1 na campanha de solidariedade, inclusive como posto de doa\u00e7\u00f5es, em especial alimento, \u00e1gua, roupa e produtos de higiene e limpeza. O que \u00e9 arrecadado est\u00e1 sendo transportado para S\u00e3o Sebasti\u00e3o de helic\u00f3ptero pelo Fundo de Solidariedade da cidade. A CUT fica na avenida S\u00e3o Jos\u00e9, 488, no centro.<\/p>\n<h3><strong>Seeb\/Mogi das Cruzes<\/strong><\/h3>\n<p>Os banc\u00e1rios e banc\u00e1rias de Mogi das Cruzes est\u00e3o promovendo uma campanha de ajuda solid\u00e1ria, com arrecada\u00e7\u00e3o de comida, produto de higiene e limpeza e roupas, at\u00e9 o dia 3 de mar\u00e7o, que ser\u00e3o enviados aos atingidos. As doa\u00e7\u00f5es devem ser entregues no ponto de arrecada\u00e7\u00e3o, \u00e0 rua Dr. Deodato Wertheimer, 2.319, na Vila Mogi Moderno.<\/p>\n<h3><strong>Instituto Verdescola<\/strong><\/h3>\n<p>A Contraf-CUT apoia o\u00a0<a href=\"https:\/\/verdescola.org.br\/\" target=\"_blank\" rel=\"noopener noreferrer\">Instituto Verdescola<\/a>, que atua com volunt\u00e1rios para ajudar desabrigados e feridos no litoral norte paulista. Doa\u00e7\u00f5es podem ser feitas pelo PIX\u00a0<a href=\"mailto:verdescola@verdescola.org.br\">verdescola@verdescola.org.br<\/a>, por dep\u00f3sito em conta (banco Ita\u00fa, ag\u00eancia 8499, conta 28366-4, CNPJ 07.707.869\/0001-10) ou por cart\u00e3o de cr\u00e9dito, por meio deste\u00a0<a href=\"https:\/\/verdescola.org.br\/como-apoiar\/\" target=\"_blank\" rel=\"noopener noreferrer\">link no site da entidade<\/a>. A organiza\u00e7\u00e3o\u00a0<a href=\"https:\/\/doe.gerandofalcoes.com\/\" target=\"_blank\" rel=\"noopener noreferrer\">Gerando Falc\u00f5es<\/a>\u00a0est\u00e1 trabalhando em parceria com a Verdescola.<\/p>\n<h3><strong>Pets<\/strong><\/h3>\n<p>Muitas outras entidades tamb\u00e9m est\u00e3o com a\u00e7\u00f5es, algumas em quest\u00f5es espec\u00edficas, como prote\u00e7\u00e3o de animais de estima\u00e7\u00e3o. Esse \u00e9 o caso das organiza\u00e7\u00f5es\u00a0<a href=\"https:\/\/www.instagram.com\/grad_brasil\/?igshid=YmMyMTA2M2Y%3D\" target=\"_blank\" rel=\"noopener noreferrer\">Grupo de Resgate de Animais em Desastres (GRAD)<\/a>\u00a0e\u00a0<a href=\"https:\/\/www.instagram.com\/amparanimal\/\" target=\"_blank\" rel=\"noopener noreferrer\">Amparanimal<\/a>, por exemplo.<\/p>\n<h3><strong>Sindicato Solid\u00e1rio<\/strong><\/h3>\n<p>O Sindicato Solid\u00e1rio surgiu na pandemia de covid-19, com o objetivo de \u201cpreservar vidas\u201d, como diz a mensagem inicial da\u00a0<a href=\"https:\/\/sindicatosolidario.com\/\" target=\"_blank\" rel=\"noopener noreferrer\">p\u00e1gina do movimento<\/a>. A iniciativa da Contraf-CUT, com a parceria de entidades como CUT, Intersindical e CTB, busca mobilizar entidades sindicais do ramo financeiro, em especial da categoria banc\u00e1ria, por uma postura humanit\u00e1ria de todos.<\/p>\n<p>Dezenas de federa\u00e7\u00f5es e sindicatos do ramo, em diversos estados, fazem parte do Sindicato Solid\u00e1rio (<a href=\"https:\/\/sindicatosolidario.com\/federacoes-e-sindicatos\/\" target=\"_blank\" rel=\"noopener noreferrer\">veja lista<\/a>). No\u00a0<a href=\"https:\/\/sindicatosolidario.com\/noticias\/\" target=\"_blank\" rel=\"noopener noreferrer\">site do Sindicato Solid\u00e1rio<\/a>\u00a0tamb\u00e9m h\u00e1 informa\u00e7\u00f5es sobre como integrar a iniciativa e indicar entidades para receber doa\u00e7\u00f5es, al\u00e9m de\u00a0<a href=\"https:\/\/sindicatosolidario.com\/noticias\/\" target=\"_blank\" rel=\"noopener noreferrer\">not\u00edcias sobre a\u00e7\u00f5es anteriores<\/a>.<\/p>\n<p><strong>Fonte: Contraf-CUT<\/strong><\/p>\n","protected":false},"excerpt":{"rendered":"<p>A situa\u00e7\u00e3o no litoral norte de S\u00e3o Paulo segue muito dif\u00edcil, por causa dos desastres provocados pelas chuvas durante o Carnaval. At\u00e9 o fechamento desta mat\u00e9ria, na tarde desta sexta (24), a Defesa Civil Estadual havia confirmado 54 mortes (53 em S\u00e3o Sebasti\u00e3o e uma em Ubatuba), 30 pessoas desaparecidas e mais de 4 mil [&hellip;]<\/p>\n","protected":false},"author":2,"featured_media":13741,"comment_status":"","ping_status":"","sticky":false,"template":"","format":"standard","meta":{"footnotes":""},"categories":[3],"tags":[],"class_list":["post-13742","post","type-post","status-publish","format-standard","has-post-thumbnail","hentry","category-noticias"],"_links":{"self":[{"href":"https:\/\/hostnetart.com.br\/baixada\/wp-json\/wp\/v2\/posts\/13742","targetHints":{"allow":["GET"]}}],"collection":[{"href":"https:\/\/hostnetart.com.br\/baixada\/wp-json\/wp\/v2\/posts"}],"about":[{"href":"https:\/\/hostnetart.com.br\/baixada\/wp-json\/wp\/v2\/types\/post"}],"author":[{"embeddable":true,"href":"https:\/\/hostnetart.com.br\/baixada\/wp-json\/wp\/v2\/users\/2"}],"replies":[{"embeddable":true,"href":"https:\/\/hostnetart.com.br\/baixada\/wp-json\/wp\/v2\/comments?post=13742"}],"version-history":[{"count":0,"href":"https:\/\/hostnetart.com.br\/baixada\/wp-json\/wp\/v2\/posts\/13742\/revisions"}],"wp:featuredmedia":[{"embeddable":true,"href":"https:\/\/hostnetart.com.br\/baixada\/wp-json\/wp\/v2\/media\/13741"}],"wp:attachment":[{"href":"https:\/\/hostnetart.com.br\/baixada\/wp-json\/wp\/v2\/media?parent=13742"}],"wp:term":[{"taxonomy":"category","embeddable":true,"href":"https:\/\/hostnetart.com.br\/baixada\/wp-json\/wp\/v2\/categories?post=13742"},{"taxonomy":"post_tag","embeddable":true,"href":"https:\/\/hostnetart.com.br\/baixada\/wp-json\/wp\/v2\/tags?post=13742"}],"curies":[{"name":"wp","href":"https:\/\/api.w.org\/{rel}","templated":true}]}}