{"id":13684,"date":"2023-02-10T20:08:53","date_gmt":"2023-02-10T23:08:53","guid":{"rendered":"https:\/\/hostnetart.com.br\/baixada\/a-pedido-do-bb-justica-adia-audiencia-sobre-extincao-da-funcao-de-caixa-executivo\/"},"modified":"2023-02-10T20:08:53","modified_gmt":"2023-02-10T23:08:53","slug":"a-pedido-do-bb-justica-adia-audiencia-sobre-extincao-da-funcao-de-caixa-executivo","status":"publish","type":"post","link":"https:\/\/hostnetart.com.br\/baixada\/a-pedido-do-bb-justica-adia-audiencia-sobre-extincao-da-funcao-de-caixa-executivo\/","title":{"rendered":"A pedido do BB, Justi\u00e7a adia audi\u00eancia sobre extin\u00e7\u00e3o da fun\u00e7\u00e3o de caixa executivo"},"content":{"rendered":"<p>O Banco do Brasil solicitou o adiamento de audi\u00eancia de concilia\u00e7\u00e3o, que\u00a0<a href=\"https:\/\/contrafcut.com.br\/noticias\/bb-justica-agenda-audiencia-de-conciliacao-sobre-extincao-da-funcao-de-caixa-executivo\/\" target=\"_blank\" rel=\"noopener noreferrer\">estava marcada para a manh\u00e3 desta sexta-feira (10)<\/a>, \u00e0s 9h, entre a empresa e a Confedera\u00e7\u00e3o Nacional dos Trabalhadores do Ramo Financeiro (Contraf-CUT), sobre liminar, conquistada pela categoria, que impede a elimina\u00e7\u00e3o da fun\u00e7\u00e3o de caixa executivo.<\/p>\n<p>\u201c\u00c9 fato not\u00f3rio que em janeiro deste ano houve altera\u00e7\u00e3o da alta administra\u00e7\u00e3o do Banco do Brasil implicando na modifica\u00e7\u00e3o do Conselho Diretor que ainda n\u00e3o est\u00e1 em sua composi\u00e7\u00e3o plena\u201d, argumentou a empresa.<\/p>\n<p>A assessora jur\u00eddica da Contraf-CUT, Renata Cabral, s\u00f3cia do escrit\u00f3rio Crivelli Advogados, acrescentou que o banco pediu o prazo de 60 dias. \u201cAgora, al\u00e9m de um posicionamento do BB, aguardamos por uma nova data para audi\u00eancia de concilia\u00e7\u00e3o\u201d, completou.<\/p>\n<p>Enquanto isso, segue em vigor a liminar concedida ainda em fevereiro de 2021 e que mant\u00e9m o cargo de caixa executivo e a gratifica\u00e7\u00e3o ligada \u00e0 fun\u00e7\u00e3o.<\/p>\n<h3>Entenda<\/h3>\n<p>No in\u00edcio de 2021, a empresa anunciou uma nova reestrutura\u00e7\u00e3o, com fechamento de ag\u00eancias, redu\u00e7\u00e3o de postos de trabalho e extin\u00e7\u00e3o da fun\u00e7\u00e3o de caixa junto com o fim da gratifica\u00e7\u00e3o para os escritur\u00e1rios que cumprem a fun\u00e7\u00e3o.<\/p>\n<p>\u201cDe in\u00edcio, procuramos negociar nas mesas de media\u00e7\u00e3o com o banco. Em seguida, tentamos media\u00e7\u00e3o junto ao Minist\u00e9rio P\u00fablico do Trabalho. Mas, como a diretoria na \u00e9poca n\u00e3o nos atendeu, buscamos a Justi\u00e7a\u201d, lembrou a funcion\u00e1ria do BB e representante da Contraf-CUT na CEBB, Fernanda Lopes.<\/p>\n<p>Em 18 de fevereiro de 2021, o juiz Antonio Umberto de Souza Junior, da 6\u00aa Vara da Justi\u00e7a do Trabalho de Bras\u00edlia, atendeu a liminar da Contraf-CUT e proibiu o Banco do Brasil de extinguir a fun\u00e7\u00e3o de caixa. Na decis\u00e3o, o magistrado tamb\u00e9m obrigou o BB a incorporar o valor integral da gratifica\u00e7\u00e3o de caixa para os empregados que, em 10\/11\/2017, a recebiam h\u00e1 mais de dez anos. BB chegou a entrar com mandado de seguran\u00e7a, mas o Tribunal Superior do Trabalho (TST) negou o pedido da empresa.<\/p>\n<p>A audi\u00eancia de concilia\u00e7\u00e3o, que deveria ter ocorrido na manh\u00e3 de hoje, foi agendada pela ju\u00edza substituta do Tribunal Regional do Trabalho da 10\u00aa Regi\u00e3o, Audrey Choucair Vaz, ao avaliar poss\u00edvel \u201cdisposi\u00e7\u00e3o das partes para uma autocomposi\u00e7\u00e3o\u201d, passados dois anos desde que Contraf ajuizou a a\u00e7\u00e3o que impediu banco de extinguir a fun\u00e7\u00e3o.<\/p>\n<p><strong>Fonte: Contraf-CUT<\/strong><\/p>\n","protected":false},"excerpt":{"rendered":"<p>O Banco do Brasil solicitou o adiamento de audi\u00eancia de concilia\u00e7\u00e3o, que\u00a0estava marcada para a manh\u00e3 desta sexta-feira (10), \u00e0s 9h, entre a empresa e a Confedera\u00e7\u00e3o Nacional dos Trabalhadores do Ramo Financeiro (Contraf-CUT), sobre liminar, conquistada pela categoria, que impede a elimina\u00e7\u00e3o da fun\u00e7\u00e3o de caixa executivo. \u201c\u00c9 fato not\u00f3rio que em janeiro deste [&hellip;]<\/p>\n","protected":false},"author":2,"featured_media":13683,"comment_status":"","ping_status":"","sticky":false,"template":"","format":"standard","meta":{"footnotes":""},"categories":[3],"tags":[],"class_list":["post-13684","post","type-post","status-publish","format-standard","has-post-thumbnail","hentry","category-noticias"],"_links":{"self":[{"href":"https:\/\/hostnetart.com.br\/baixada\/wp-json\/wp\/v2\/posts\/13684","targetHints":{"allow":["GET"]}}],"collection":[{"href":"https:\/\/hostnetart.com.br\/baixada\/wp-json\/wp\/v2\/posts"}],"about":[{"href":"https:\/\/hostnetart.com.br\/baixada\/wp-json\/wp\/v2\/types\/post"}],"author":[{"embeddable":true,"href":"https:\/\/hostnetart.com.br\/baixada\/wp-json\/wp\/v2\/users\/2"}],"replies":[{"embeddable":true,"href":"https:\/\/hostnetart.com.br\/baixada\/wp-json\/wp\/v2\/comments?post=13684"}],"version-history":[{"count":0,"href":"https:\/\/hostnetart.com.br\/baixada\/wp-json\/wp\/v2\/posts\/13684\/revisions"}],"wp:featuredmedia":[{"embeddable":true,"href":"https:\/\/hostnetart.com.br\/baixada\/wp-json\/wp\/v2\/media\/13683"}],"wp:attachment":[{"href":"https:\/\/hostnetart.com.br\/baixada\/wp-json\/wp\/v2\/media?parent=13684"}],"wp:term":[{"taxonomy":"category","embeddable":true,"href":"https:\/\/hostnetart.com.br\/baixada\/wp-json\/wp\/v2\/categories?post=13684"},{"taxonomy":"post_tag","embeddable":true,"href":"https:\/\/hostnetart.com.br\/baixada\/wp-json\/wp\/v2\/tags?post=13684"}],"curies":[{"name":"wp","href":"https:\/\/api.w.org\/{rel}","templated":true}]}}