{"id":13680,"date":"2023-02-10T20:04:23","date_gmt":"2023-02-10T23:04:23","guid":{"rendered":"https:\/\/hostnetart.com.br\/baixada\/curso-de-paternidade-responsavel-online-comeca-em-fevereiro\/"},"modified":"2023-02-10T20:04:23","modified_gmt":"2023-02-10T23:04:23","slug":"curso-de-paternidade-responsavel-online-comeca-em-fevereiro","status":"publish","type":"post","link":"https:\/\/hostnetart.com.br\/baixada\/curso-de-paternidade-responsavel-online-comeca-em-fevereiro\/","title":{"rendered":"Curso de Paternidade Respons\u00e1vel online come\u00e7a em fevereiro"},"content":{"rendered":"<p>Por lei, todo futuro papai tem direito a uma licen\u00e7a paternidade de cinco dias. Mas, a categoria banc\u00e1ria pode ampliar esta licen\u00e7a para 20 dias. Esta \u00e9 uma conquista das negocia\u00e7\u00f5es realizadas durante a Campanha Nacional dos Banc\u00e1rios de 2016. Mas, aten\u00e7\u00e3o! S\u00f3 tem direito a ela os banc\u00e1rios que fizerem um curso de paternidade respons\u00e1vel e apresentarem a comprova\u00e7\u00e3o ao banco.<\/p>\n<p>Diversos sindicatos oferecem o curso, como o Sindicato dos Banc\u00e1rios de S\u00e3o Paulo, que o oferece na modalidade online, em parceria com a Faculdade 28 de Agosto, com desconto aos banc\u00e1rios filiados a qualquer sindicato associado \u00e0 Confedera\u00e7\u00e3o Nacional dos Trabalhadores do Ramo Financeiro (Contraf-CUT). Para banc\u00e1rios sindicalizados, o valor \u00e9 de R$ 150, j\u00e1 para n\u00e3o sindicalizados o custo \u00e9 de R$ 250.<\/p>\n<p>\u201cO curso, que \u00e9 interdisciplinar, recebeu nota 9,5 da \u00faltima turma, o que mostra a excelente avalia\u00e7\u00e3o dos participantes. Esse \u00e9 um momento especial, que ficar\u00e1 marcado na vida dos pais e das m\u00e3es, afinal, no corre-corre da vida destinamos pouco tempo para pensar nestas rela\u00e7\u00f5es e cuidados t\u00e3o essenciais\u201d, ressaltou Ana Tercia Sanches, professora e pesquisadora da Faculdade 28 de Agosto.<\/p>\n<p>As aulas da pr\u00f3xima turma do curso Paternidade Respons\u00e1vel e Rela\u00e7\u00f5es Compartilhadas da Faculdade 28 de Agosto ser\u00e3o realizadas de 27 de fevereiro a 3 de mar\u00e7o, das 19h30 \u00e0s 21h30. As aulas s\u00e3o online, mas sempre ao vivo, permitindo a intera\u00e7\u00e3o entre alunos e professores. A novidade \u00e9 que as banc\u00e1rias gr\u00e1vidas tamb\u00e9m podem participar junto com seus companheiros. O curso pode ser feito a qualquer momento da gesta\u00e7\u00e3o.<\/p>\n<p>Para se inscrever,\u00a0<a href=\"https:\/\/loja.spbancarios.com.br\/produto\/paternidade-responsavel\/\" target=\"_blank\" rel=\"noopener noreferrer\">clique aqui.<\/a><\/p>\n<h3>Sobre o curso<\/h3>\n<p>O curso de Paternidade Respons\u00e1vel e Rela\u00e7\u00f5es Compartilhadas \u00e9 interdisciplinar e considera diversas abordagens. A proposta \u00e9 promover uma reflex\u00e3o sobre a paternidade e a maternidade no mundo contempor\u00e2neo. S\u00e3o abordados pontos como o momento na vida do pai, os desafios para a fam\u00edlia com a chegada do novo integrante, depress\u00e3o p\u00f3s-parto e o respeito \u00e0 condi\u00e7\u00e3o biol\u00f3gica e psicol\u00f3gica da mulher. Os alunos tamb\u00e9m aprendem a trocar fralda, colocar para dormir, alimenta\u00e7\u00e3o e p\u00f3s-mamada, entre outros assuntos que auxiliar\u00e3o a desmistificar o dia a dia com o beb\u00ea, al\u00e9m de conceitos pedag\u00f3gicos novos e antigos, educa\u00e7\u00e3o para igualdade e a fun\u00e7\u00e3o paterna nesse contexto.<\/p>\n<p><strong>Fonte: Contraf-CUT<\/strong><\/p>\n","protected":false},"excerpt":{"rendered":"<p>Por lei, todo futuro papai tem direito a uma licen\u00e7a paternidade de cinco dias. Mas, a categoria banc\u00e1ria pode ampliar esta licen\u00e7a para 20 dias. Esta \u00e9 uma conquista das negocia\u00e7\u00f5es realizadas durante a Campanha Nacional dos Banc\u00e1rios de 2016. Mas, aten\u00e7\u00e3o! S\u00f3 tem direito a ela os banc\u00e1rios que fizerem um curso de paternidade [&hellip;]<\/p>\n","protected":false},"author":2,"featured_media":13679,"comment_status":"","ping_status":"","sticky":false,"template":"","format":"standard","meta":{"footnotes":""},"categories":[3],"tags":[],"class_list":["post-13680","post","type-post","status-publish","format-standard","has-post-thumbnail","hentry","category-noticias"],"_links":{"self":[{"href":"https:\/\/hostnetart.com.br\/baixada\/wp-json\/wp\/v2\/posts\/13680","targetHints":{"allow":["GET"]}}],"collection":[{"href":"https:\/\/hostnetart.com.br\/baixada\/wp-json\/wp\/v2\/posts"}],"about":[{"href":"https:\/\/hostnetart.com.br\/baixada\/wp-json\/wp\/v2\/types\/post"}],"author":[{"embeddable":true,"href":"https:\/\/hostnetart.com.br\/baixada\/wp-json\/wp\/v2\/users\/2"}],"replies":[{"embeddable":true,"href":"https:\/\/hostnetart.com.br\/baixada\/wp-json\/wp\/v2\/comments?post=13680"}],"version-history":[{"count":0,"href":"https:\/\/hostnetart.com.br\/baixada\/wp-json\/wp\/v2\/posts\/13680\/revisions"}],"wp:featuredmedia":[{"embeddable":true,"href":"https:\/\/hostnetart.com.br\/baixada\/wp-json\/wp\/v2\/media\/13679"}],"wp:attachment":[{"href":"https:\/\/hostnetart.com.br\/baixada\/wp-json\/wp\/v2\/media?parent=13680"}],"wp:term":[{"taxonomy":"category","embeddable":true,"href":"https:\/\/hostnetart.com.br\/baixada\/wp-json\/wp\/v2\/categories?post=13680"},{"taxonomy":"post_tag","embeddable":true,"href":"https:\/\/hostnetart.com.br\/baixada\/wp-json\/wp\/v2\/tags?post=13680"}],"curies":[{"name":"wp","href":"https:\/\/api.w.org\/{rel}","templated":true}]}}