{"id":13670,"date":"2023-02-09T03:24:24","date_gmt":"2023-02-09T06:24:24","guid":{"rendered":"https:\/\/hostnetart.com.br\/baixada\/nova-gestao-promove-mudancas-na-caixa\/"},"modified":"2023-02-09T03:24:24","modified_gmt":"2023-02-09T06:24:24","slug":"nova-gestao-promove-mudancas-na-caixa","status":"publish","type":"post","link":"https:\/\/hostnetart.com.br\/baixada\/nova-gestao-promove-mudancas-na-caixa\/","title":{"rendered":"Nova gest\u00e3o promove mudan\u00e7as na Caixa"},"content":{"rendered":"<p>A Caixa anunciou, na ter\u00e7a-feira (7), mudan\u00e7as em sua pol\u00edtica de gest\u00e3o de pessoas, incentivo \u00e0 cultura, governan\u00e7a corporativa, de tecnologia, sustentabilidade e sociais (benef\u00edcios do governo federal). A maior parte das mudan\u00e7as \u00e9 voltada \u00e0s empregadas e empregados e para a melhoria do relacionamento com entidades de representa\u00e7\u00e3o sindical e associativas.<\/p>\n<p>\u201cAs medidas anunciadas pela nova gest\u00e3o est\u00e3o relacionadas a reivindica\u00e7\u00f5es que faz\u00edamos \u00e0s gest\u00f5es anteriores j\u00e1 h\u00e1 muito tempo\u201d, observou a coordenadora da Comiss\u00e3o Executiva dos Empregados (CEE) da Caixa, Fabiana Uehara Proscholdt.<\/p>\n<p>Mas, para o empregado da Caixa e diretor da Confedera\u00e7\u00e3o Nacional dos Trabalhadores do Ramo Financeiro (Contraf-CUT), Rafael de Castro, a nova gest\u00e3o ainda tem muito o que consertar. \u201cGest\u00f5es anteriores promoveram um verdadeiro desmonte nas formas de relacionamento com os empregados e com as entidades de representa\u00e7\u00e3o, sem contar nos in\u00fameros cortes de direitos e no afastamento da Caixa de seu perfil social, de atendimento \u00e0s pessoas que s\u00e3o exclu\u00eddas pelos bancos privados e de execu\u00e7\u00e3o dos programas de benef\u00edcio do governo\u201d, afirmou. \u201cAs entidades e os trabalhadores t\u00eam muito a contribuir para a solu\u00e7\u00e3o destes problemas e tamb\u00e9m para que a Caixa volte a cumprir seu papel social. E queremos ser chamados para dar esta contribui\u00e7\u00e3o\u201d, completou.<\/p>\n<h3><strong>Mudan\u00e7as anunciadas<\/strong><\/h3>\n<p>O banco anunciou que adotar\u00e1 uma estrat\u00e9gia de gest\u00e3o de pessoas, \u201ccom foco na humaniza\u00e7\u00e3o das rela\u00e7\u00f5es de trabalho e fortalecimento do relacionamento com os empregados\u201d. Mas, entre as medidas anunciadas, o processo seletivo para escolha da diretoria da Funda\u00e7\u00e3o dos Economi\u00e1rios Federais (Funcef) foi criticado pelo presidente da Federa\u00e7\u00e3o Nacional das Associa\u00e7\u00f5es do Pessoal da Caixa (Fenae), Sergio Takemoto.<\/p>\n<p>Para Takemoto, o processo seletivo \u00e9 uma maneira justa de escolher os ocupantes do cargo, mas os crit\u00e9rios e pr\u00e9-requisitos exigidos n\u00e3o s\u00e3o democr\u00e1ticos. \u201cNos \u00faltimos cinco anos quem exercia tais atividades eram pessoas alinhadas aos governos Temer (MDB) ou Bolsonaro (PL), notadamente amea\u00e7adores e perseguidores dos direitos trabalhistas e que atendiam aos interesses do mercado financeiro\u201d, disse, ao criticar o requisito que exige comprova\u00e7\u00e3o de experi\u00eancia profissional de tr\u00eas anos, apurada nos \u00faltimos cinco anos, em atividades exercidas em \u00e1reas espec\u00edficas. \u201c\u00c9 inadmiss\u00edvel que a Caixa imponha esses crit\u00e9rios para escolher os dirigentes da Funcef\u201d, acrescentou.<\/p>\n<p>O presidente da Fenae tamb\u00e9m criticou a permiss\u00e3o para que qualquer profissional de mercado, de qualquer institui\u00e7\u00e3o, concorra aos cargos. \u201cNa Funcef, toda a dire\u00e7\u00e3o, sejam eleitos e indicados, devem ser empregados da Caixa, uma vez que a Funcef \u00e9 dos trabalhadores do banco. \u00c9 inaceit\u00e1vel que pessoas de fora, sem compromisso com os recursos dos participantes, administrem seu patrim\u00f4nio\u201d, salientou.<\/p>\n<p>A manuten\u00e7\u00e3o da fus\u00e3o da diretoria de Investimentos com a de Participa\u00e7\u00e3o, prevista no estatuto da Funcef, foi outro motivo de cr\u00edtica pelo presidente da Fenae, que considera que a altera\u00e7\u00e3o foi feita \u201cde maneira arbitr\u00e1ria\u201d pela dire\u00e7\u00e3o da Caixa, da Funcef e do governo Bolsonaro. \u201cA redu\u00e7\u00e3o das diretorias enfraquece a representa\u00e7\u00e3o dos participantes na Funcef. N\u00e3o podemos aceitar a normaliza\u00e7\u00e3o das altera\u00e7\u00f5es que colocam em risco toda a estrutura de governan\u00e7a e os direitos dos participantes da Funcef\u201d, afirmou.<\/p>\n<p><strong>Fonte: Contraf-CUT<\/strong><\/p>\n","protected":false},"excerpt":{"rendered":"<p>A Caixa anunciou, na ter\u00e7a-feira (7), mudan\u00e7as em sua pol\u00edtica de gest\u00e3o de pessoas, incentivo \u00e0 cultura, governan\u00e7a corporativa, de tecnologia, sustentabilidade e sociais (benef\u00edcios do governo federal). A maior parte das mudan\u00e7as \u00e9 voltada \u00e0s empregadas e empregados e para a melhoria do relacionamento com entidades de representa\u00e7\u00e3o sindical e associativas. \u201cAs medidas anunciadas [&hellip;]<\/p>\n","protected":false},"author":2,"featured_media":13669,"comment_status":"","ping_status":"","sticky":false,"template":"","format":"standard","meta":{"footnotes":""},"categories":[3],"tags":[],"class_list":["post-13670","post","type-post","status-publish","format-standard","has-post-thumbnail","hentry","category-noticias"],"_links":{"self":[{"href":"https:\/\/hostnetart.com.br\/baixada\/wp-json\/wp\/v2\/posts\/13670","targetHints":{"allow":["GET"]}}],"collection":[{"href":"https:\/\/hostnetart.com.br\/baixada\/wp-json\/wp\/v2\/posts"}],"about":[{"href":"https:\/\/hostnetart.com.br\/baixada\/wp-json\/wp\/v2\/types\/post"}],"author":[{"embeddable":true,"href":"https:\/\/hostnetart.com.br\/baixada\/wp-json\/wp\/v2\/users\/2"}],"replies":[{"embeddable":true,"href":"https:\/\/hostnetart.com.br\/baixada\/wp-json\/wp\/v2\/comments?post=13670"}],"version-history":[{"count":0,"href":"https:\/\/hostnetart.com.br\/baixada\/wp-json\/wp\/v2\/posts\/13670\/revisions"}],"wp:featuredmedia":[{"embeddable":true,"href":"https:\/\/hostnetart.com.br\/baixada\/wp-json\/wp\/v2\/media\/13669"}],"wp:attachment":[{"href":"https:\/\/hostnetart.com.br\/baixada\/wp-json\/wp\/v2\/media?parent=13670"}],"wp:term":[{"taxonomy":"category","embeddable":true,"href":"https:\/\/hostnetart.com.br\/baixada\/wp-json\/wp\/v2\/categories?post=13670"},{"taxonomy":"post_tag","embeddable":true,"href":"https:\/\/hostnetart.com.br\/baixada\/wp-json\/wp\/v2\/tags?post=13670"}],"curies":[{"name":"wp","href":"https:\/\/api.w.org\/{rel}","templated":true}]}}