{"id":1367,"date":"2014-06-11T00:00:00","date_gmt":"2014-06-11T03:00:00","guid":{"rendered":"https:\/\/hostnetart.com.br\/baixada\/presidente-do-santander-diz-que-nao-tem-agenda-para-debater-demissoes\/"},"modified":"2014-06-11T00:00:00","modified_gmt":"2014-06-11T03:00:00","slug":"presidente-do-santander-diz-que-nao-tem-agenda-para-debater-demissoes","status":"publish","type":"post","link":"https:\/\/hostnetart.com.br\/baixada\/presidente-do-santander-diz-que-nao-tem-agenda-para-debater-demissoes\/","title":{"rendered":"Presidente do Santander diz que n\u00e3o tem agenda para debater demiss\u00f5es"},"content":{"rendered":"<p>O presidente do Santander Brasil, Jes\u00fas Zabalza, n\u00e3o tem agenda para debater com os representantes dos banc\u00e1rios a redu\u00e7\u00e3o de cerca de 5 mil postos de trabalho promovida pelo banco desde o ano passado.<\/p>\n<p>Ele respondeu carta enviada no dia 3 de junho, na qual o movimento sindical solicitava agendamento de reuni\u00e3o urgente para debater propostas que colocassem fim \u00e0s dispensas. Essa foi a terceira enviada. Al\u00e9m disso, foram realizadas manifesta\u00e7\u00f5es durante a jornada nacional de luta (de 13 a 23 de maio), com o apoio expresso por mais de 25 mil clientes que assinaram cartas para Zabalza.<\/p>\n<p>\u201cEm fun\u00e7\u00e3o de uma agenda com compromissos j\u00e1 assumidos, inclusive fora do pa\u00eds e que me impossibilitam de receb\u00ea-los com a urg\u00eancia requerida, solicitarei \u00e0 Vice-presid\u00eancia Executiva S\u00eanior que viabilize uma agenda futura\u201d, informa a correspond\u00eancia.<\/p>\n<p>&gt; Clique\u00a0<a href=\"http:\/\/www.spbancarios.com.br\/Uploads\/Seu_Banco\/23\/Arquivos\/carta_resposta_zabalza.pdf\" target=\"_blank\" rel=\"noopener noreferrer\">aqui<\/a>\u00a0para ler a carta de Zabalza.<\/p>\n<p>Para a diretora executiva do Sindicato dos Banc\u00e1rios de S\u00e3o Paulo, Maria Rosani Gregorutti, embora Zabalza afirme entender a import\u00e2ncia do tema demiss\u00f5es, o fato \u00e9 que as dispensas continuam e nada vem sendo feito pelo banco para mudar esse quadro.<\/p>\n<p>\u201cDada a gravidade do tema, seria de fundamental import\u00e2ncia que essa reuni\u00e3o acontecesse urgentemente. Ele diz valorizar o di\u00e1logo permanente com os representantes dos banc\u00e1rios, mas se ouvisse de fato o Sindicato essas dispensas j\u00e1 teriam parado\u201d, completa a dirigente. \u201cVamos continuar na luta cobrando o fim das demiss\u00f5es e a contra\u00e7\u00e3o de mais trabalhadores.\u201d<\/p>\n<p>Fonte: Seeb S\u00e3o Paulo<\/p>\n","protected":false},"excerpt":{"rendered":"<p>O presidente do Santander Brasil, Jes\u00fas Zabalza, n\u00e3o tem agenda para debater com os representantes dos banc\u00e1rios a redu\u00e7\u00e3o de cerca de 5 mil postos de trabalho promovida pelo banco desde o ano passado. Ele respondeu carta enviada no dia 3 de junho, na qual o movimento sindical solicitava agendamento de reuni\u00e3o urgente para debater [&hellip;]<\/p>\n","protected":false},"author":1,"featured_media":0,"comment_status":"","ping_status":"","sticky":false,"template":"","format":"standard","meta":{"footnotes":""},"categories":[3],"tags":[],"class_list":["post-1367","post","type-post","status-publish","format-standard","hentry","category-noticias"],"_links":{"self":[{"href":"https:\/\/hostnetart.com.br\/baixada\/wp-json\/wp\/v2\/posts\/1367","targetHints":{"allow":["GET"]}}],"collection":[{"href":"https:\/\/hostnetart.com.br\/baixada\/wp-json\/wp\/v2\/posts"}],"about":[{"href":"https:\/\/hostnetart.com.br\/baixada\/wp-json\/wp\/v2\/types\/post"}],"author":[{"embeddable":true,"href":"https:\/\/hostnetart.com.br\/baixada\/wp-json\/wp\/v2\/users\/1"}],"replies":[{"embeddable":true,"href":"https:\/\/hostnetart.com.br\/baixada\/wp-json\/wp\/v2\/comments?post=1367"}],"version-history":[{"count":0,"href":"https:\/\/hostnetart.com.br\/baixada\/wp-json\/wp\/v2\/posts\/1367\/revisions"}],"wp:attachment":[{"href":"https:\/\/hostnetart.com.br\/baixada\/wp-json\/wp\/v2\/media?parent=1367"}],"wp:term":[{"taxonomy":"category","embeddable":true,"href":"https:\/\/hostnetart.com.br\/baixada\/wp-json\/wp\/v2\/categories?post=1367"},{"taxonomy":"post_tag","embeddable":true,"href":"https:\/\/hostnetart.com.br\/baixada\/wp-json\/wp\/v2\/tags?post=1367"}],"curies":[{"name":"wp","href":"https:\/\/api.w.org\/{rel}","templated":true}]}}