{"id":13668,"date":"2023-02-08T19:19:36","date_gmt":"2023-02-08T22:19:36","guid":{"rendered":"https:\/\/hostnetart.com.br\/baixada\/banco-do-brasil-confirma-vitoria-de-kelly-quirino-para-caref\/"},"modified":"2023-02-08T19:19:36","modified_gmt":"2023-02-08T22:19:36","slug":"banco-do-brasil-confirma-vitoria-de-kelly-quirino-para-caref","status":"publish","type":"post","link":"https:\/\/hostnetart.com.br\/baixada\/banco-do-brasil-confirma-vitoria-de-kelly-quirino-para-caref\/","title":{"rendered":"Banco do Brasil confirma vit\u00f3ria de Kelly Quirino para Caref"},"content":{"rendered":"<p>Com o fim do prazo para impugna\u00e7\u00e3o, o Banco do Brasil confirmou, nesta quarta-feira (8), a elei\u00e7\u00e3o de Kelly Quirino como Conselheira de Administra\u00e7\u00e3o Representante dos Funcion\u00e1rios do BB (Caref), para o Conselho de Administra\u00e7\u00e3o da empresa.<\/p>\n<p>A nova representante dos funcion\u00e1rios recebeu 19.091, ou 60,70% dos 31.429 votos v\u00e1lidos, enquanto o segundo colocado teve 1.235. Havia 91 candidatos. \u201cCom esse resultado, de mais de 50% dos votos, a vit\u00f3ria foi alcan\u00e7ada no primeiro turno. E isso mostra a import\u00e2ncia da uni\u00e3o e colabora\u00e7\u00e3o de todos que acreditam na representatividade de Kelly\u201d, avalia Fernanda Lopes, funcion\u00e1ria do BB e secret\u00e1ria da Mulher da Confedera\u00e7\u00e3o Nacional dos Trabalhadores do Ramo Financeiro (Contraf-CUT), entidade que apoiou a candidatura de Quirino ao lado da maioria dos sindicatos.<\/p>\n<p>Para Kelly, que \u00e9 banc\u00e1ria do BB h\u00e1 15 anos, o resultado alcan\u00e7ado n\u00e3o seria poss\u00edvel, n\u00e3o fosse \u201ca milit\u00e2ncia que abra\u00e7ou de corpo e alma este projeto em defesa de um novo BB, para um novo Brasil\u201d. A nova Caref se torna, portanto, a primeira mulher negra eleita pelos funcion\u00e1rios para represent\u00e1-los no Conselho de Administra\u00e7\u00e3o.<\/p>\n<h3><strong>Propostas<\/strong><\/h3>\n<p>Entre as propostas da nova Caref est\u00e1 a cria\u00e7\u00e3o de um canal direto com os funcion\u00e1rios, \u201cde prefer\u00eancia com inclus\u00e3o na intranet corporativa\u201d, explica Kelly. A Caref defende o equil\u00edbrio do papel do Banco do Brasil, como agente financeiro que precisa apresentar resultados e, ao mesmo tempo, que deve dar apoio \u00e0s pol\u00edticas de desenvolvimento social do pa\u00eds.<\/p>\n<p>A funcion\u00e1ria do BB tamb\u00e9m prop\u00f5e a cria\u00e7\u00e3o de um comit\u00ea de diversidade e inclus\u00e3o, vinculado \u00e0 Presid\u00eancia da institui\u00e7\u00e3o, com representantes dos funcion\u00e1rios, para fomentar a valoriza\u00e7\u00e3o de trabalhadores e trabalhadoras, \u201ccom a igualdade de oportunidades dentro do banco, independente de g\u00eanero, cor, idade, orienta\u00e7\u00e3o sexual ou escolha religiosa\u201d.<\/p>\n<h3><strong>Pr\u00f3ximos passos<\/strong><\/h3>\n<p>Ap\u00f3s a confirma\u00e7\u00e3o do resultado eleitoral, o pr\u00f3ximo passo dentro do BB ser\u00e1 a verifica\u00e7\u00e3o dos requisitos de elegibilidade. Em seguida, o processo de aprova\u00e7\u00e3o nas inst\u00e2ncias competentes de governan\u00e7a.<\/p>\n<p>Para concorrer, ser eleito, tomar posse e exercer o cargo de Conselheiro de Administra\u00e7\u00e3o Representante dos Empregados, devem estar atendidos todos os crit\u00e9rios, exig\u00eancias, requisitos, n\u00e3o impedimentos e veda\u00e7\u00f5es normativas e regulamentares aplic\u00e1veis ao cargo, conforme est\u00e1 previsto no regulamento eleitoral.<\/p>\n<p><strong>Fonte: Contraf-CUT<\/strong><\/p>\n","protected":false},"excerpt":{"rendered":"<p>Com o fim do prazo para impugna\u00e7\u00e3o, o Banco do Brasil confirmou, nesta quarta-feira (8), a elei\u00e7\u00e3o de Kelly Quirino como Conselheira de Administra\u00e7\u00e3o Representante dos Funcion\u00e1rios do BB (Caref), para o Conselho de Administra\u00e7\u00e3o da empresa. A nova representante dos funcion\u00e1rios recebeu 19.091, ou 60,70% dos 31.429 votos v\u00e1lidos, enquanto o segundo colocado teve [&hellip;]<\/p>\n","protected":false},"author":2,"featured_media":13667,"comment_status":"","ping_status":"","sticky":false,"template":"","format":"standard","meta":{"footnotes":""},"categories":[3],"tags":[],"class_list":["post-13668","post","type-post","status-publish","format-standard","has-post-thumbnail","hentry","category-noticias"],"_links":{"self":[{"href":"https:\/\/hostnetart.com.br\/baixada\/wp-json\/wp\/v2\/posts\/13668","targetHints":{"allow":["GET"]}}],"collection":[{"href":"https:\/\/hostnetart.com.br\/baixada\/wp-json\/wp\/v2\/posts"}],"about":[{"href":"https:\/\/hostnetart.com.br\/baixada\/wp-json\/wp\/v2\/types\/post"}],"author":[{"embeddable":true,"href":"https:\/\/hostnetart.com.br\/baixada\/wp-json\/wp\/v2\/users\/2"}],"replies":[{"embeddable":true,"href":"https:\/\/hostnetart.com.br\/baixada\/wp-json\/wp\/v2\/comments?post=13668"}],"version-history":[{"count":0,"href":"https:\/\/hostnetart.com.br\/baixada\/wp-json\/wp\/v2\/posts\/13668\/revisions"}],"wp:featuredmedia":[{"embeddable":true,"href":"https:\/\/hostnetart.com.br\/baixada\/wp-json\/wp\/v2\/media\/13667"}],"wp:attachment":[{"href":"https:\/\/hostnetart.com.br\/baixada\/wp-json\/wp\/v2\/media?parent=13668"}],"wp:term":[{"taxonomy":"category","embeddable":true,"href":"https:\/\/hostnetart.com.br\/baixada\/wp-json\/wp\/v2\/categories?post=13668"},{"taxonomy":"post_tag","embeddable":true,"href":"https:\/\/hostnetart.com.br\/baixada\/wp-json\/wp\/v2\/tags?post=13668"}],"curies":[{"name":"wp","href":"https:\/\/api.w.org\/{rel}","templated":true}]}}