{"id":13664,"date":"2023-02-08T18:43:10","date_gmt":"2023-02-08T21:43:10","guid":{"rendered":"https:\/\/hostnetart.com.br\/baixada\/santander-paga-plr-no-dia-28-de-fevereiro\/"},"modified":"2023-02-08T18:43:10","modified_gmt":"2023-02-08T21:43:10","slug":"santander-paga-plr-no-dia-28-de-fevereiro","status":"publish","type":"post","link":"https:\/\/hostnetart.com.br\/baixada\/santander-paga-plr-no-dia-28-de-fevereiro\/","title":{"rendered":"Santander paga PLR no dia 28 de fevereiro"},"content":{"rendered":"<div class=\"elementor-element elementor-element-194680ec elementor-widget elementor-widget-theme-post-content\" data-id=\"194680ec\" data-element_type=\"widget\" data-widget_type=\"theme-post-content.default\">\u00a0<\/div>\n<div class=\"elementor-element elementor-element-12fb8eb elementor-widget elementor-widget-heading\" data-id=\"12fb8eb\" data-element_type=\"widget\" data-widget_type=\"heading.default\">\n<div class=\"elementor-element elementor-element-194680ec elementor-widget elementor-widget-theme-post-content\" data-id=\"194680ec\" data-element_type=\"widget\" data-widget_type=\"theme-post-content.default\">\u00a0<\/div>\n<div class=\"elementor-element elementor-element-12fb8eb elementor-widget elementor-widget-heading\" data-id=\"12fb8eb\" data-element_type=\"widget\" data-widget_type=\"heading.default\">\n<div class=\"elementor-widget-container\">\n<p>O Santander informou nesta quarta-feira (8) que ir\u00e1 pagar no dia 28 de fevereiro a segunda parcela da Participa\u00e7\u00e3o nos Lucros e\/ou Resultados (PLR), referente a 2022. Na data, o banco far\u00e1 tamb\u00e9m o pagamento de regra b\u00e1sica da PLR (teto de 2,2 sal\u00e1rios), adicional da PLR, PPR, PPE e PPG para os funcion\u00e1rios eleg\u00edveis.<\/p>\n<p>A an\u00fancio ocorre\u00a0<a href=\"https:\/\/contrafcut.com.br\/noticias\/contraf-cut-reivindica-antecipacao-da-segunda-parcela-da-plr\/\" target=\"_blank\" rel=\"noopener noreferrer\">oito dias ap\u00f3s solicita\u00e7\u00e3o da Confedera\u00e7\u00e3o Nacional dos Trabalhadores do Ramo Financeiro (Contraf-CUT) para antecipa\u00e7\u00e3o<\/a>\u00a0do pagamento da segunda parcela da PLR. De acordo com a Conven\u00e7\u00e3o Coletiva de Trabalho (CCT), os bancos privados t\u00eam at\u00e9 o dia 1\u00ba de mar\u00e7o de 2023 para realizar o dep\u00f3sito.<\/p>\n<p>A Contraf-CUT baseou o pedido de adiantamento ao fato de, nos dois primeiros meses do ano, \u201cconcentrarem-se as maiores despesas por parte dos trabalhadores, em raz\u00e3o da cobran\u00e7a de IPTU, IPVA, matr\u00edcula e material escolar\u201d, disse a entidade em of\u00edcio.<\/p>\n<p>O acordo firmado na CCT 2022 estabeleceu reajuste de 13% na parcela adicional da PLR e corre\u00e7\u00e3o do INPC (8,83%) na regra b\u00e1sica. A primeira parcela da PLR foi paga no dia 30 de setembro do ano passado.<\/p>\n<h3>Conquista da categoria<\/h3>\n<p>A coordenadora da Comiss\u00e3o de Organiza\u00e7\u00e3o dos Empregados (COE) do Santander, Lucimara Malaquias, destaca que a PLR dos banc\u00e1rios \u201c\u00e9 uma conquista, junto ao movimento sindical\u201d. A categoria foi a primeira no pa\u00eds a obter o direito, em CCT Nacional de 1995.<\/p>\n<p>A representante dos trabalhadores observa ainda que, com o rombo bilion\u00e1rio das Americanas S.A., o Santander sofreu redu\u00e7\u00e3o de 21,1% do lucro de 2022 em rela\u00e7\u00e3o ao ano anterior, o que poderia ter afetado o valor final da PLR e da PPRS. \u201cPor\u00e9m isso n\u00e3o ocorreu, gra\u00e7as ao acordo coletivo, que tem como objetivo, al\u00e9m de garantir direitos, minimizar os impactos da oscila\u00e7\u00e3o do mercado no rendimento dos trabalhadores\u201d, completa.<\/p>\n<p><strong>Fonte: Contraf-CUT<\/strong><\/p>\n<\/div>\n<\/div>\n<\/div>\n","protected":false},"excerpt":{"rendered":"<p>\u00a0 \u00a0 O Santander informou nesta quarta-feira (8) que ir\u00e1 pagar no dia 28 de fevereiro a segunda parcela da Participa\u00e7\u00e3o nos Lucros e\/ou Resultados (PLR), referente a 2022. Na data, o banco far\u00e1 tamb\u00e9m o pagamento de regra b\u00e1sica da PLR (teto de 2,2 sal\u00e1rios), adicional da PLR, PPR, PPE e PPG para os [&hellip;]<\/p>\n","protected":false},"author":2,"featured_media":13663,"comment_status":"","ping_status":"","sticky":false,"template":"","format":"standard","meta":{"footnotes":""},"categories":[3],"tags":[],"class_list":["post-13664","post","type-post","status-publish","format-standard","has-post-thumbnail","hentry","category-noticias"],"_links":{"self":[{"href":"https:\/\/hostnetart.com.br\/baixada\/wp-json\/wp\/v2\/posts\/13664","targetHints":{"allow":["GET"]}}],"collection":[{"href":"https:\/\/hostnetart.com.br\/baixada\/wp-json\/wp\/v2\/posts"}],"about":[{"href":"https:\/\/hostnetart.com.br\/baixada\/wp-json\/wp\/v2\/types\/post"}],"author":[{"embeddable":true,"href":"https:\/\/hostnetart.com.br\/baixada\/wp-json\/wp\/v2\/users\/2"}],"replies":[{"embeddable":true,"href":"https:\/\/hostnetart.com.br\/baixada\/wp-json\/wp\/v2\/comments?post=13664"}],"version-history":[{"count":0,"href":"https:\/\/hostnetart.com.br\/baixada\/wp-json\/wp\/v2\/posts\/13664\/revisions"}],"wp:featuredmedia":[{"embeddable":true,"href":"https:\/\/hostnetart.com.br\/baixada\/wp-json\/wp\/v2\/media\/13663"}],"wp:attachment":[{"href":"https:\/\/hostnetart.com.br\/baixada\/wp-json\/wp\/v2\/media?parent=13664"}],"wp:term":[{"taxonomy":"category","embeddable":true,"href":"https:\/\/hostnetart.com.br\/baixada\/wp-json\/wp\/v2\/categories?post=13664"},{"taxonomy":"post_tag","embeddable":true,"href":"https:\/\/hostnetart.com.br\/baixada\/wp-json\/wp\/v2\/tags?post=13664"}],"curies":[{"name":"wp","href":"https:\/\/api.w.org\/{rel}","templated":true}]}}