{"id":13656,"date":"2023-02-07T16:09:26","date_gmt":"2023-02-07T19:09:26","guid":{"rendered":"https:\/\/hostnetart.com.br\/baixada\/plenaria-debatera-questoes-especificas-das-pcds-da-caixa\/"},"modified":"2023-02-07T16:09:26","modified_gmt":"2023-02-07T19:09:26","slug":"plenaria-debatera-questoes-especificas-das-pcds-da-caixa","status":"publish","type":"post","link":"https:\/\/hostnetart.com.br\/baixada\/plenaria-debatera-questoes-especificas-das-pcds-da-caixa\/","title":{"rendered":"Plen\u00e1ria debater\u00e1 quest\u00f5es espec\u00edficas das PCDs da Caixa"},"content":{"rendered":"<p>A Confedera\u00e7\u00e3o Nacional dos Trabalhadores do Ramo Financeiro (Contraf-CUT), da qual o Sindicato dos Banc\u00e1rios da Baixada Fluminense \u00e9 filiado, realizar\u00e1, nesta quinta-feira, dia 9 de fevereiro, a partir das 19h30, uma plen\u00e1ria nacional com as empregadas e empregados da Caixa Econ\u00f4mica Federal, para tratar dos principais aspectos funcionais e de carreira dos trabalhadores com defici\u00eancia.<\/p>\n<p>\u201cQueremos fazer o levantamento dos problemas enfrentados pelas pessoas com defici\u00eancia (PCDs) que trabalham na Caixa para negociarmos a solu\u00e7\u00e3o para estes problemas\u201d, explicou a coordenadora da Comiss\u00e3o Executiva dos Empregados (CEE) da Caixa, Fabiana Uehara Proscholdt. \u201cJ\u00e1 hav\u00edamos debatido esta pauta no \u00faltimo Congresso Nacional dos Empregados da Caixa Econ\u00f4mica Federal (Conecef) e encaminhado para o banco naquela ocasi\u00e3o. Agora, com uma nova gest\u00e3o, queremos atualizar estes pontos para encaminh\u00e1-los novamente, com a expectativa de obtermos avan\u00e7os na solu\u00e7\u00e3o dos problemas\u201d, completou, ao ressaltar que PCDs que trabalham na Caixa t\u00eam dificuldades para avan\u00e7ar na carreira e de acesso ao sistema.<\/p>\n<p>A plen\u00e1ria ser\u00e1 realizada por uma plataforma eletr\u00f4nica de videoconfer\u00eancia, com limite de participa\u00e7\u00e3o de 300 pessoas. Os interessados devem\u00a0<a href=\"https:\/\/us06web.zoom.us\/meeting\/register\/tZUqce-rrzIrE9dqZQu0zGCGock7TBiKFnWl\" target=\"_blank\" rel=\"noopener noreferrer\">se inscrever antecipadamente<\/a>\u00a0para, ap\u00f3s a inscri\u00e7\u00e3o, receber um link individual e intransfer\u00edvel de acesso. As inscri\u00e7\u00f5es estar\u00e3o abertas at\u00e9 \u00e0s 19h do dia 9 de fevereiro.<\/p>\n<p>\u201cSolicitamos \u00e0s entidades, principalmente aos sindicatos, que encaminhem este convite aos empregados da Caixa, em especial \u00e0queles com defici\u00eancia, que fazem parte de suas bases, e destaquem a import\u00e2ncia da pauta a ser debatida\u201d, ressaltou a coordenadora da CEE.<\/p>\n<p><strong>Plen\u00e1ria Nacional dos (as) Empregados (as) Caixa \u2013 PCDs<\/strong><br \/>9 de fevereiro de 2023 \u2013 19h30<br \/>Link para inscri\u00e7\u00e3o:<br \/><a href=\"https:\/\/us06web.zoom.us\/meeting\/register\/tZUqce-rrzIrE9dqZQu0zGCGock7TBiKFnWl\" target=\"_blank\" rel=\"noopener noreferrer\">https:\/\/us06web.zoom.us\/meeting\/register\/tZUqce-rrzIrE9dqZQu0zGCGock7TBiKFnWl<\/a><\/p>\n<p><strong>Fonte: Contraf-CUT<\/strong><\/p>\n","protected":false},"excerpt":{"rendered":"<p>A Confedera\u00e7\u00e3o Nacional dos Trabalhadores do Ramo Financeiro (Contraf-CUT), da qual o Sindicato dos Banc\u00e1rios da Baixada Fluminense \u00e9 filiado, realizar\u00e1, nesta quinta-feira, dia 9 de fevereiro, a partir das 19h30, uma plen\u00e1ria nacional com as empregadas e empregados da Caixa Econ\u00f4mica Federal, para tratar dos principais aspectos funcionais e de carreira dos trabalhadores com [&hellip;]<\/p>\n","protected":false},"author":2,"featured_media":13655,"comment_status":"","ping_status":"","sticky":false,"template":"","format":"standard","meta":{"footnotes":""},"categories":[3],"tags":[],"class_list":["post-13656","post","type-post","status-publish","format-standard","has-post-thumbnail","hentry","category-noticias"],"_links":{"self":[{"href":"https:\/\/hostnetart.com.br\/baixada\/wp-json\/wp\/v2\/posts\/13656","targetHints":{"allow":["GET"]}}],"collection":[{"href":"https:\/\/hostnetart.com.br\/baixada\/wp-json\/wp\/v2\/posts"}],"about":[{"href":"https:\/\/hostnetart.com.br\/baixada\/wp-json\/wp\/v2\/types\/post"}],"author":[{"embeddable":true,"href":"https:\/\/hostnetart.com.br\/baixada\/wp-json\/wp\/v2\/users\/2"}],"replies":[{"embeddable":true,"href":"https:\/\/hostnetart.com.br\/baixada\/wp-json\/wp\/v2\/comments?post=13656"}],"version-history":[{"count":0,"href":"https:\/\/hostnetart.com.br\/baixada\/wp-json\/wp\/v2\/posts\/13656\/revisions"}],"wp:featuredmedia":[{"embeddable":true,"href":"https:\/\/hostnetart.com.br\/baixada\/wp-json\/wp\/v2\/media\/13655"}],"wp:attachment":[{"href":"https:\/\/hostnetart.com.br\/baixada\/wp-json\/wp\/v2\/media?parent=13656"}],"wp:term":[{"taxonomy":"category","embeddable":true,"href":"https:\/\/hostnetart.com.br\/baixada\/wp-json\/wp\/v2\/categories?post=13656"},{"taxonomy":"post_tag","embeddable":true,"href":"https:\/\/hostnetart.com.br\/baixada\/wp-json\/wp\/v2\/tags?post=13656"}],"curies":[{"name":"wp","href":"https:\/\/api.w.org\/{rel}","templated":true}]}}