{"id":13654,"date":"2023-02-07T16:01:22","date_gmt":"2023-02-07T19:01:22","guid":{"rendered":"https:\/\/hostnetart.com.br\/baixada\/sindicato-dos-bancarios-da-baixada-fluminense-apoia-chapa-1-nas-eleicoes-da-fenae\/"},"modified":"2023-02-07T16:01:22","modified_gmt":"2023-02-07T19:01:22","slug":"sindicato-dos-bancarios-da-baixada-fluminense-apoia-chapa-1-nas-eleicoes-da-fenae","status":"publish","type":"post","link":"https:\/\/hostnetart.com.br\/baixada\/sindicato-dos-bancarios-da-baixada-fluminense-apoia-chapa-1-nas-eleicoes-da-fenae\/","title":{"rendered":"Sindicato dos Banc\u00e1rios da Baixada Fluminense apoia Chapa 1 nas elei\u00e7\u00f5es da Fenae"},"content":{"rendered":"<p>O processo eleitoral para a escolha da nova diretoria e do Conselho Fiscal da Federa\u00e7\u00e3o Nacional das Associa\u00e7\u00f5es do Pessoal da Caixa (Fenae) est\u00e1 aberto. A vota\u00e7\u00e3o come\u00e7a \u00e0s 9h do dia 8 e segue at\u00e9 \u00e0s 18h do dia 9 de fevereiro. Todos os s\u00f3cios efetivos das 27 associa\u00e7\u00f5es filiadas \u00e0 Fenae que se associaram at\u00e9 31 de agosto de 2022 t\u00eam direto ao voto.<\/p>\n<p>O Sindicato dos Banc\u00e1rios apoia a\u00a0<strong>Chapa 1 \u2013 Movimento em Defesa da Caixa.<\/strong><\/p>\n<p>A vota\u00e7\u00e3o ser\u00e1 realizada em urnas f\u00edsicas. A coleta dos votos est\u00e1 por conta das associa\u00e7\u00f5es estaduais, que podem utilizar urnas fixas em suas sedes e itinerantes nas ag\u00eancias e departamentos da Caixa Econ\u00f4mica Federal. Apenas uma chapa foi inscrita.<\/p>\n<p>\u201cA Chapa 1 \u2013 Movimento em Defesa da Caixa \u00e9 composta por companheiros comprometidos, com hist\u00f3rico de defesa dos direitos das empregadas e empregados e com a luta por novas conquistas. A apoiamos com a certeza de que, na Fenae, continuar\u00e3o fazendo o que \u00e9 melhor para os associados\u201d, disse a empregada da Caixa e diretora-executiva da Confedera\u00e7\u00e3o Nacional dos Trabalhadores do Ramo Financeiro (Contraf-CUT), Eliana Brasil.<\/p>\n<p>\u201cApesar de haver uma \u00fanica chapa, existe um qu\u00f3rum m\u00ednimo para a elei\u00e7\u00e3o. Por isso, \u00e9 muito importante que os associados exer\u00e7am seu direito de voto e elejam as candidatas e candidatos da Chapa 1\u201d, ressaltou a coordenadora da Comiss\u00e3o Executiva dos Empregados (CEE) da Caixa, Fabiana Uehara Proscholdt.<\/p>\n<p>Um hotsite espec\u00edfico foi criado com todas as\u00a0<a href=\"http:\/\/www.fenae.org.br\/eleicoesfenae2023\" target=\"_blank\" rel=\"noopener noreferrer\">informa\u00e7\u00f5es sobre a elei\u00e7\u00e3o da Fenae<\/a>. Os associados tamb\u00e9m podem acessar o\u00a0<a href=\"https:\/\/www.instagram.com\/chapa1.movimento\/\" target=\"_blank\" rel=\"noopener noreferrer\">Instagram<\/a>\u00a0ou o\u00a0<a href=\"https:\/\/www.facebook.com\/profile.php?id=100089335158768\" target=\"_blank\" rel=\"noopener noreferrer\">Facebook<\/a>\u00a0da Chapa 1 \u2013 Movimento em Defesa da Caixa para conhecer os candidatos suas propostas.<\/p>\n<p><strong>Fonte:\u00a0Contraf-CUT<\/strong><\/p>\n","protected":false},"excerpt":{"rendered":"<p>O processo eleitoral para a escolha da nova diretoria e do Conselho Fiscal da Federa\u00e7\u00e3o Nacional das Associa\u00e7\u00f5es do Pessoal da Caixa (Fenae) est\u00e1 aberto. A vota\u00e7\u00e3o come\u00e7a \u00e0s 9h do dia 8 e segue at\u00e9 \u00e0s 18h do dia 9 de fevereiro. Todos os s\u00f3cios efetivos das 27 associa\u00e7\u00f5es filiadas \u00e0 Fenae que se [&hellip;]<\/p>\n","protected":false},"author":2,"featured_media":13653,"comment_status":"","ping_status":"","sticky":false,"template":"","format":"standard","meta":{"footnotes":""},"categories":[3],"tags":[],"class_list":["post-13654","post","type-post","status-publish","format-standard","has-post-thumbnail","hentry","category-noticias"],"_links":{"self":[{"href":"https:\/\/hostnetart.com.br\/baixada\/wp-json\/wp\/v2\/posts\/13654","targetHints":{"allow":["GET"]}}],"collection":[{"href":"https:\/\/hostnetart.com.br\/baixada\/wp-json\/wp\/v2\/posts"}],"about":[{"href":"https:\/\/hostnetart.com.br\/baixada\/wp-json\/wp\/v2\/types\/post"}],"author":[{"embeddable":true,"href":"https:\/\/hostnetart.com.br\/baixada\/wp-json\/wp\/v2\/users\/2"}],"replies":[{"embeddable":true,"href":"https:\/\/hostnetart.com.br\/baixada\/wp-json\/wp\/v2\/comments?post=13654"}],"version-history":[{"count":0,"href":"https:\/\/hostnetart.com.br\/baixada\/wp-json\/wp\/v2\/posts\/13654\/revisions"}],"wp:featuredmedia":[{"embeddable":true,"href":"https:\/\/hostnetart.com.br\/baixada\/wp-json\/wp\/v2\/media\/13653"}],"wp:attachment":[{"href":"https:\/\/hostnetart.com.br\/baixada\/wp-json\/wp\/v2\/media?parent=13654"}],"wp:term":[{"taxonomy":"category","embeddable":true,"href":"https:\/\/hostnetart.com.br\/baixada\/wp-json\/wp\/v2\/categories?post=13654"},{"taxonomy":"post_tag","embeddable":true,"href":"https:\/\/hostnetart.com.br\/baixada\/wp-json\/wp\/v2\/tags?post=13654"}],"curies":[{"name":"wp","href":"https:\/\/api.w.org\/{rel}","templated":true}]}}