{"id":13652,"date":"2023-02-06T17:48:01","date_gmt":"2023-02-06T20:48:01","guid":{"rendered":"https:\/\/hostnetart.com.br\/baixada\/santander-lanca-novo-desendivida-durante-a-semana\/"},"modified":"2023-02-06T17:48:01","modified_gmt":"2023-02-06T20:48:01","slug":"santander-lanca-novo-desendivida-durante-a-semana","status":"publish","type":"post","link":"https:\/\/hostnetart.com.br\/baixada\/santander-lanca-novo-desendivida-durante-a-semana\/","title":{"rendered":"Santander lan\u00e7a novo \u201cDesendivida\u201d durante a semana"},"content":{"rendered":"<p>O Banco Santander encaminhou um comunicado institucional aos seus funcion\u00e1rios, na \u00faltima sexta-feira, 3 de fevereiro, informando que as ag\u00eancias funcionar\u00e3o em hor\u00e1rio estendido, das 9h \u00e0s 18h, desta segunda (6) a sexta (10) para atender, exclusivamente os clientes que queiram negociar d\u00edvidas.<\/p>\n<p>A a\u00e7\u00e3o faz parte do programa \u201cDesendivida\u201d, criado pelo Santander no in\u00edcio de 2022. Na ocasi\u00e3o, o\u00a0<a href=\"https:\/\/contrafcut.com.br\/noticias\/sem-negociar-com-trabalhadores-santander-abrira-agencias-no-sabado-22\/\">banco tentou abrir as ag\u00eancias aos s\u00e1bados<\/a>\u00a0e foi alvo de in\u00fameras a\u00e7\u00f5es judiciais, que obtiveram\u00a0<a href=\"https:\/\/contrafcut.com.br\/noticias\/liminares-e-manifestacoes-impedem-trabalho-do-santander-no-sabado\">liminares impedindo a abertura das ag\u00eancias<\/a>.<\/p>\n<p>\u201cAs liminares que impediram a abertura das ag\u00eancias aos s\u00e1bados serviram de li\u00e7\u00e3o para o banco, que desta vez vai realizar o programa durante a semana em hor\u00e1rio estendido. Mas, o banco ainda n\u00e3o aprendeu que deve negociar as a\u00e7\u00f5es que envolvam os trabalhadores\u201d, disse a coordenadora da Comiss\u00e3o de Organiza\u00e7\u00e3o dos Empregados (COE) do Santander, Lucimara Malaquias.<\/p>\n<p>A coordenadora da COE lembrou ainda que o banco tem um normativo interno sobre a compensa\u00e7\u00e3o de horas. \u201cN\u00f3s j\u00e1 cobramos do banco que sejam mantidas as condi\u00e7\u00f5es de sa\u00fade e de seguran\u00e7a dos trabalhadores e que sejam devidamente registradas as horas de trabalho, inclusive as pausas para almo\u00e7o, e que, j\u00e1 que o banco nos imp\u00f4s esse normativo que prev\u00ea a compensa\u00e7\u00e3o de horas e n\u00e3o o pagamento de horas-extras, que ele garanta que os gestores n\u00e3o v\u00e3o apresentar qualquer tipo de empecilho para que as horas trabalhadas a mais sejam efetivamente compensadas em horas de descanso dos trabalhadores\u201d, disse, ao ressaltar que o movimento sindical defende que as horas trabalhadas a mais devem ser pagas, e n\u00e3o compensadas, e que o normativo de compensa\u00e7\u00e3o de horas foi criado pelo Santander, ap\u00f3s a reforma trabalhista de 2017, sem qualquer tipo de negocia\u00e7\u00e3o com as entidades de representa\u00e7\u00e3o sindical dos trabalhadores.<\/p>\n<p>Lucimara disse ainda que o movimento sindical vai acompanhar n\u00e3o apenas o expediente estendido durante a semana, mas os desdobramentos para a compensa\u00e7\u00e3o das horas trabalhadas a mais ou outra forma de compensa\u00e7\u00e3o que possa vir a ser definida, como o seu devido pagamento. \u201cA orienta\u00e7\u00e3o \u00e9 para que os trabalhadores que se sentirem lesados, ou forem impedidos de compensar as horas, procurem seus sindicatos\u201d, ressaltou.<\/p>\n<p><strong>Fonte: Contraf-CUT<\/strong><\/p>\n","protected":false},"excerpt":{"rendered":"<p>O Banco Santander encaminhou um comunicado institucional aos seus funcion\u00e1rios, na \u00faltima sexta-feira, 3 de fevereiro, informando que as ag\u00eancias funcionar\u00e3o em hor\u00e1rio estendido, das 9h \u00e0s 18h, desta segunda (6) a sexta (10) para atender, exclusivamente os clientes que queiram negociar d\u00edvidas. A a\u00e7\u00e3o faz parte do programa \u201cDesendivida\u201d, criado pelo Santander no in\u00edcio [&hellip;]<\/p>\n","protected":false},"author":2,"featured_media":13651,"comment_status":"","ping_status":"","sticky":false,"template":"","format":"standard","meta":{"footnotes":""},"categories":[3],"tags":[],"class_list":["post-13652","post","type-post","status-publish","format-standard","has-post-thumbnail","hentry","category-noticias"],"_links":{"self":[{"href":"https:\/\/hostnetart.com.br\/baixada\/wp-json\/wp\/v2\/posts\/13652","targetHints":{"allow":["GET"]}}],"collection":[{"href":"https:\/\/hostnetart.com.br\/baixada\/wp-json\/wp\/v2\/posts"}],"about":[{"href":"https:\/\/hostnetart.com.br\/baixada\/wp-json\/wp\/v2\/types\/post"}],"author":[{"embeddable":true,"href":"https:\/\/hostnetart.com.br\/baixada\/wp-json\/wp\/v2\/users\/2"}],"replies":[{"embeddable":true,"href":"https:\/\/hostnetart.com.br\/baixada\/wp-json\/wp\/v2\/comments?post=13652"}],"version-history":[{"count":0,"href":"https:\/\/hostnetart.com.br\/baixada\/wp-json\/wp\/v2\/posts\/13652\/revisions"}],"wp:featuredmedia":[{"embeddable":true,"href":"https:\/\/hostnetart.com.br\/baixada\/wp-json\/wp\/v2\/media\/13651"}],"wp:attachment":[{"href":"https:\/\/hostnetart.com.br\/baixada\/wp-json\/wp\/v2\/media?parent=13652"}],"wp:term":[{"taxonomy":"category","embeddable":true,"href":"https:\/\/hostnetart.com.br\/baixada\/wp-json\/wp\/v2\/categories?post=13652"},{"taxonomy":"post_tag","embeddable":true,"href":"https:\/\/hostnetart.com.br\/baixada\/wp-json\/wp\/v2\/tags?post=13652"}],"curies":[{"name":"wp","href":"https:\/\/api.w.org\/{rel}","templated":true}]}}