{"id":13650,"date":"2023-02-03T13:50:57","date_gmt":"2023-02-03T16:50:57","guid":{"rendered":"https:\/\/hostnetart.com.br\/baixada\/cronograma-de-vacinacao-de-2023-e-anunciado-pelo-ministerio-da-saude\/"},"modified":"2023-02-03T13:50:57","modified_gmt":"2023-02-03T16:50:57","slug":"cronograma-de-vacinacao-de-2023-e-anunciado-pelo-ministerio-da-saude","status":"publish","type":"post","link":"https:\/\/hostnetart.com.br\/baixada\/cronograma-de-vacinacao-de-2023-e-anunciado-pelo-ministerio-da-saude\/","title":{"rendered":"Cronograma de vacina\u00e7\u00e3o de 2023 \u00e9 anunciado pelo Minist\u00e9rio da Sa\u00fade"},"content":{"rendered":"<p>O Minist\u00e9rio da Sa\u00fade divulgou, nesta ter\u00e7a-feira (31), o novo cronograma do Programa Nacional de Vacina\u00e7\u00e3o. A previs\u00e3o \u00e9 de que as campanhas de imuniza\u00e7\u00e3o tenham in\u00edcio em 27 de fevereiro. O programa passa\u00a0a incluir a\u00a0<a href=\"https:\/\/www.brasildefato.com.br\/2023\/01\/30\/por-que-a-oms-continua-considerando-a-covid-19-uma-emergencia-global-de-saude\" target=\"_blank\" rel=\"noopener noreferrer\">vacina\u00e7\u00e3o de refor\u00e7o contra a Covid-19<\/a>\u00a0com as novas vacinas bivalentes, em pessoas com maior risco de desenvolver formas graves da doen\u00e7a, como idosos acima de 60 anos e pessoas com defici\u00eancia.<\/p>\n<p lang=\"PT-BR\" xml:lang=\"PT-BR\">O minist\u00e9rio tamb\u00e9m pretende realizar uma intensifica\u00e7\u00e3o na campanha de vacina\u00e7\u00e3o contra o v\u00edrus Influenza, que causa gripe, em abril, antes da chegada do inverno, quando as baixas temperaturas levam ao aumento nos casos de doen\u00e7as respirat\u00f3rias.<\/p>\n<p lang=\"PT-BR\" xml:lang=\"PT-BR\">Tamb\u00e9m ser\u00e1 realizada uma a\u00e7\u00e3o de multivacina\u00e7\u00e3o de poliomielite e sarampo nas escolas. A ideia \u00e9 mobilizar as comunidades escolares, desde a Educa\u00e7\u00e3o Infantil at\u00e9 o Ensino M\u00e9dio, com duas semanas de atividades de orienta\u00e7\u00e3o, comunicando estudantes, pais e respons\u00e1veis sobre a necessidade de levar a Caderneta de Vacina\u00e7\u00e3o para avalia\u00e7\u00e3o.<\/p>\n<p class=\"ckeditor-subtitle\" lang=\"PT-BR\" xml:lang=\"PT-BR\"><strong>Confira\u00a0o cronograma de cinco etapas:<\/strong><\/p>\n<p lang=\"PT-BR\" xml:lang=\"PT-BR\"><strong>Etapa 1 &#8211; fevereiro\u00a0<\/strong><\/p>\n<p lang=\"PT-BR\" xml:lang=\"PT-BR\">Vacina\u00e7\u00e3o contra Covid-19 (refor\u00e7o com a vacina bivalente)\u00a0<\/p>\n<p lang=\"PT-BR\" xml:lang=\"PT-BR\">P\u00fablico-alvo:\u00a0<\/p>\n<p lang=\"PT-BR\" xml:lang=\"PT-BR\">Pessoas com maior risco de formas graves de Covid-19;\u00a0<\/p>\n<p lang=\"PT-BR\" xml:lang=\"PT-BR\">Pessoas com mais de 60 anos;\u00a0<\/p>\n<p lang=\"PT-BR\" xml:lang=\"PT-BR\">Gestantes e pu\u00e9rperas;\u00a0<\/p>\n<p lang=\"PT-BR\" xml:lang=\"PT-BR\">Pacientes imunocomprometidos;\u00a0<\/p>\n<p lang=\"PT-BR\" xml:lang=\"PT-BR\">Pessoas com defici\u00eancia;\u00a0<\/p>\n<p lang=\"PT-BR\" xml:lang=\"PT-BR\">Pessoas vivendo em Institui\u00e7\u00f5es de Longa Perman\u00eancia (ILP);\u00a0<\/p>\n<p lang=\"PT-BR\" xml:lang=\"PT-BR\">Povos ind\u00edgenas, ribeirinhos e quilombolas;\u00a0<\/p>\n<p lang=\"PT-BR\" xml:lang=\"PT-BR\">Trabalhadores e trabalhadoras da sa\u00fade.\u00a0<\/p>\n<p lang=\"PT-BR\" xml:lang=\"PT-BR\">\u00a0\u00a0<\/p>\n<p lang=\"PT-BR\" xml:lang=\"PT-BR\"><strong>Etapa 2 &#8211; mar\u00e7o\u00a0<\/strong><\/p>\n<p lang=\"PT-BR\" xml:lang=\"PT-BR\">Intensifica\u00e7\u00e3o da vacina\u00e7\u00e3o contra Covid-19\u00a0<\/p>\n<p lang=\"PT-BR\" xml:lang=\"PT-BR\">P\u00fablico alvo:\u00a0<\/p>\n<p lang=\"PT-BR\" xml:lang=\"PT-BR\">Toda a popula\u00e7\u00e3o com mais de 12 anos.\u00a0<\/p>\n<p lang=\"PT-BR\" xml:lang=\"PT-BR\">\u00a0\u00a0<\/p>\n<p lang=\"PT-BR\" xml:lang=\"PT-BR\"><strong>Etapa 3 \u2013 mar\u00e7o\u00a0<\/strong><\/p>\n<p lang=\"PT-BR\" xml:lang=\"PT-BR\">Intensifica\u00e7\u00e3o da vacina\u00e7\u00e3o de Covid-19 entre crian\u00e7as e adolescentes\u00a0<\/p>\n<p lang=\"PT-BR\" xml:lang=\"PT-BR\">P\u00fablico alvo:\u00a0<\/p>\n<p lang=\"PT-BR\" xml:lang=\"PT-BR\">Crian\u00e7as de 6 meses a 17 anos.\u00a0<\/p>\n<p lang=\"PT-BR\" xml:lang=\"PT-BR\">\u00a0<\/p>\n<p lang=\"PT-BR\" xml:lang=\"PT-BR\"><strong>Etapa 4 \u2013 abril\u00a0<\/strong><\/p>\n<p lang=\"PT-BR\" xml:lang=\"PT-BR\">Vacina\u00e7\u00e3o de Influenza\u00a0<\/p>\n<p lang=\"PT-BR\" xml:lang=\"PT-BR\">P\u00fablico-alvo:\u00a0<\/p>\n<p lang=\"PT-BR\" xml:lang=\"PT-BR\">Pessoas com mais de 60 anos;\u00a0<\/p>\n<p lang=\"PT-BR\" xml:lang=\"PT-BR\">Adolescentes em medidas socioeducativas;\u00a0<\/p>\n<p lang=\"PT-BR\" xml:lang=\"PT-BR\">Caminhoneiros e caminhoneiras;\u00a0<\/p>\n<p lang=\"PT-BR\" xml:lang=\"PT-BR\">Crian\u00e7as de 6 meses a 4 anos;\u00a0<\/p>\n<p lang=\"PT-BR\" xml:lang=\"PT-BR\">Gestantes e pu\u00e9rperas;\u00a0<\/p>\n<p lang=\"PT-BR\" xml:lang=\"PT-BR\">Pessoas com defici\u00eancia;\u00a0<\/p>\n<p lang=\"PT-BR\" xml:lang=\"PT-BR\">Pessoas com comorbidades;\u00a0<\/p>\n<p lang=\"PT-BR\" xml:lang=\"PT-BR\">Popula\u00e7\u00e3o privada de liberdade;\u00a0<\/p>\n<p lang=\"PT-BR\" xml:lang=\"PT-BR\">Povos ind\u00edgenas, ribeirinhos e quilombolas;\u00a0<\/p>\n<p lang=\"PT-BR\" xml:lang=\"PT-BR\">For\u00e7as Armadas, de Seguran\u00e7a e Salvamento;\u00a0<\/p>\n<p lang=\"PT-BR\" xml:lang=\"PT-BR\">Profissionais da sa\u00fade, educa\u00e7\u00e3o e transportes.\u00a0<\/p>\n<p lang=\"PT-BR\" xml:lang=\"PT-BR\">\u00a0\u00a0<\/p>\n<p lang=\"PT-BR\" xml:lang=\"PT-BR\"><strong>Etapa 5 &#8211; maio\u00a0<\/strong><\/p>\n<p lang=\"PT-BR\" xml:lang=\"PT-BR\">Multivacina\u00e7\u00e3o de poliomielite e sarampo nas escolas<\/p>\n<p><strong>Fonte: Brasil de Fato<\/strong><\/p>\n","protected":false},"excerpt":{"rendered":"<p>O Minist\u00e9rio da Sa\u00fade divulgou, nesta ter\u00e7a-feira (31), o novo cronograma do Programa Nacional de Vacina\u00e7\u00e3o. A previs\u00e3o \u00e9 de que as campanhas de imuniza\u00e7\u00e3o tenham in\u00edcio em 27 de fevereiro. O programa passa\u00a0a incluir a\u00a0vacina\u00e7\u00e3o de refor\u00e7o contra a Covid-19\u00a0com as novas vacinas bivalentes, em pessoas com maior risco de desenvolver formas graves da [&hellip;]<\/p>\n","protected":false},"author":2,"featured_media":13649,"comment_status":"","ping_status":"","sticky":false,"template":"","format":"standard","meta":{"footnotes":""},"categories":[3],"tags":[],"class_list":["post-13650","post","type-post","status-publish","format-standard","has-post-thumbnail","hentry","category-noticias"],"_links":{"self":[{"href":"https:\/\/hostnetart.com.br\/baixada\/wp-json\/wp\/v2\/posts\/13650","targetHints":{"allow":["GET"]}}],"collection":[{"href":"https:\/\/hostnetart.com.br\/baixada\/wp-json\/wp\/v2\/posts"}],"about":[{"href":"https:\/\/hostnetart.com.br\/baixada\/wp-json\/wp\/v2\/types\/post"}],"author":[{"embeddable":true,"href":"https:\/\/hostnetart.com.br\/baixada\/wp-json\/wp\/v2\/users\/2"}],"replies":[{"embeddable":true,"href":"https:\/\/hostnetart.com.br\/baixada\/wp-json\/wp\/v2\/comments?post=13650"}],"version-history":[{"count":0,"href":"https:\/\/hostnetart.com.br\/baixada\/wp-json\/wp\/v2\/posts\/13650\/revisions"}],"wp:featuredmedia":[{"embeddable":true,"href":"https:\/\/hostnetart.com.br\/baixada\/wp-json\/wp\/v2\/media\/13649"}],"wp:attachment":[{"href":"https:\/\/hostnetart.com.br\/baixada\/wp-json\/wp\/v2\/media?parent=13650"}],"wp:term":[{"taxonomy":"category","embeddable":true,"href":"https:\/\/hostnetart.com.br\/baixada\/wp-json\/wp\/v2\/categories?post=13650"},{"taxonomy":"post_tag","embeddable":true,"href":"https:\/\/hostnetart.com.br\/baixada\/wp-json\/wp\/v2\/tags?post=13650"}],"curies":[{"name":"wp","href":"https:\/\/api.w.org\/{rel}","templated":true}]}}