{"id":13648,"date":"2023-02-03T13:48:30","date_gmt":"2023-02-03T16:48:30","guid":{"rendered":"https:\/\/hostnetart.com.br\/baixada\/santander-queda-de-resultados-e-alerta-para-todo-sistema-financeiro\/"},"modified":"2023-02-03T13:48:30","modified_gmt":"2023-02-03T16:48:30","slug":"santander-queda-de-resultados-e-alerta-para-todo-sistema-financeiro","status":"publish","type":"post","link":"https:\/\/hostnetart.com.br\/baixada\/santander-queda-de-resultados-e-alerta-para-todo-sistema-financeiro\/","title":{"rendered":"Santander: queda de resultados \u00e9 alerta para todo sistema financeiro"},"content":{"rendered":"<p>O Santander divulgou nesta quinta (2) seus resultados financeiros do quarto trimestre. O banco espanhol apresentou Lucro L\u00edquido gerencial de R$ 12,9 bilh\u00f5es, queda de 21,1%, em rela\u00e7\u00e3o a 2021. Tamb\u00e9m houve queda do Lucro L\u00edquido gerencial de 45,9% no 4\u00ba trimestre, em rela\u00e7\u00e3o ao 3\u00ba trimestre anterior (R$1.689, frente aos R$ 3.122 bilh\u00f5es registrados no per\u00edodo subsequente). O retorno sobre o patrim\u00f4nio l\u00edquido (ROE, na sigla em ingl\u00eas) tamb\u00e9m apresentou queda de 4,9 pontos percentuais (p.p) em doze meses e ficou em 16,3%.\u00a0<\/p>\n<p>Segundo explica\u00e7\u00e3o do pr\u00f3prio Santander, entre os fatores para esses resultados est\u00e1 o crescimento dos cr\u00e9ditos de liquida\u00e7\u00e3o duvidosa (PDD), \u201cpor conta do aumento no segmento pessoa f\u00edsica e provisionamento decorrente de um evento subsequente no segmento do Atacado\u201d. E isso, devido ao caso das Lojas Americanas, que impactou o custo de cr\u00e9dito de 12 meses, o qual atingiu 4,4%, com alta de 1,7 p.p. no ano, e de 0,6 p.p. no trimestre.\u00a0<\/p>\n<p>Em an\u00e1lise divulgada sobre o Santander, o Departamento Intersindical de Estat\u00edstica e Estudos Socioecon\u00f4micos (Dieese) pontua que \u201ca Americanas S.A. divulgou ao mercado, no dia 11 de janeiro de 2023, fato relevante para informar a detec\u00e7\u00e3o de inconsist\u00eancias cont\u00e1beis em demonstra\u00e7\u00f5es financeiras de exerc\u00edcios anteriores, estimadas em cerca de R$ 20 bilh\u00f5es, sendo o Banco Santander uma das principais institui\u00e7\u00f5es afetadas\u201d.<\/p>\n<h3>Empregos e Ag\u00eancias<\/h3>\n<p>Em rela\u00e7\u00e3o aos empregos, a holding espanhola encerrou 2022 com 52.603 vagas, com abertura de apenas 56 postos de trabalho em doze meses, considerando que foram abertos 1.389 postos de trabalho no quarto trimestre do ano. Vale lembrar que, no terceiro trimestre de 2022, o Santander havia fechado 385 postos de trabalho.<\/p>\n<p>Em 2022, o banco tamb\u00e9m fechou 286 ag\u00eancias e 118 postos de autoatendimento (PABs).\u00a0<\/p>\n<h3>Import\u00e2ncia do acordo coletivo<\/h3>\n<p>A coordenadora da Comiss\u00e3o de Organiza\u00e7\u00e3o dos Empregados (COE) do Santander, Lucimara Malaquias, avalia que o aumento de cr\u00e9ditos de liquida\u00e7\u00e3o duvidosa, \u201cpoder\u00e1 causar impactos na PLR\u201d (Participa\u00e7\u00e3o nos Lucros e Resultados). \u201cAn\u00e1lises est\u00e3o sendo feitas para avaliar o tamanho real dos resultados que o banco apresentou hoje\u201d, completa.<\/p>\n<p>A representante dos funcion\u00e1rios nas negocia\u00e7\u00f5es com o banco, aponta ainda que a queda de 4,9 p.p da ROE, em rela\u00e7\u00e3o \u00e0 2021, poderia impactar em redu\u00e7\u00f5es no pagamento no Programa da Participa\u00e7\u00e3o nos Resultados Santander (PPRS). \u201cPor\u00e9m, isso n\u00e3o vai ocorrer, gra\u00e7as \u00e0 negocia\u00e7\u00e3o do aditivo Santander, que impede a altera\u00e7\u00e3o das faixas, como pretendia o banco\u201d, ressalta.\u00a0<\/p>\n<p>Desta forma, Lucimara destaca a import\u00e2ncia do acordo coletivo, \u201cque visa minimizar os impactos da oscila\u00e7\u00e3o do mercado no rendimento dos trabalhadores\u201d, e conclui que a retra\u00e7\u00e3o do banco \u201ctraz alertas e preocupa\u00e7\u00f5es n\u00e3o s\u00f3 para o Santander, mas para todo o sistema financeiro\u201d.\u00a0<\/p>\n<p><strong><a href=\"https:\/\/contrafcut.com.br\/wp-content\/uploads\/2023\/02\/destaques-do-banco-santander-4tri2022-2.pdf\" target=\"_blank\" rel=\"noopener noreferrer\">Clique aqui\u00a0<\/a><\/strong>para acessar os Destaques de Demonstra\u00e7\u00f5es Financeiras do Banco Santander \u2013 exerc\u00edcio de 2022<\/p>\n<p><strong>Fonte: Contraf-CUT<\/strong><\/p>\n","protected":false},"excerpt":{"rendered":"<p>O Santander divulgou nesta quinta (2) seus resultados financeiros do quarto trimestre. O banco espanhol apresentou Lucro L\u00edquido gerencial de R$ 12,9 bilh\u00f5es, queda de 21,1%, em rela\u00e7\u00e3o a 2021. Tamb\u00e9m houve queda do Lucro L\u00edquido gerencial de 45,9% no 4\u00ba trimestre, em rela\u00e7\u00e3o ao 3\u00ba trimestre anterior (R$1.689, frente aos R$ 3.122 bilh\u00f5es registrados [&hellip;]<\/p>\n","protected":false},"author":2,"featured_media":13647,"comment_status":"","ping_status":"","sticky":false,"template":"","format":"standard","meta":{"footnotes":""},"categories":[3],"tags":[],"class_list":["post-13648","post","type-post","status-publish","format-standard","has-post-thumbnail","hentry","category-noticias"],"_links":{"self":[{"href":"https:\/\/hostnetart.com.br\/baixada\/wp-json\/wp\/v2\/posts\/13648","targetHints":{"allow":["GET"]}}],"collection":[{"href":"https:\/\/hostnetart.com.br\/baixada\/wp-json\/wp\/v2\/posts"}],"about":[{"href":"https:\/\/hostnetart.com.br\/baixada\/wp-json\/wp\/v2\/types\/post"}],"author":[{"embeddable":true,"href":"https:\/\/hostnetart.com.br\/baixada\/wp-json\/wp\/v2\/users\/2"}],"replies":[{"embeddable":true,"href":"https:\/\/hostnetart.com.br\/baixada\/wp-json\/wp\/v2\/comments?post=13648"}],"version-history":[{"count":0,"href":"https:\/\/hostnetart.com.br\/baixada\/wp-json\/wp\/v2\/posts\/13648\/revisions"}],"wp:featuredmedia":[{"embeddable":true,"href":"https:\/\/hostnetart.com.br\/baixada\/wp-json\/wp\/v2\/media\/13647"}],"wp:attachment":[{"href":"https:\/\/hostnetart.com.br\/baixada\/wp-json\/wp\/v2\/media?parent=13648"}],"wp:term":[{"taxonomy":"category","embeddable":true,"href":"https:\/\/hostnetart.com.br\/baixada\/wp-json\/wp\/v2\/categories?post=13648"},{"taxonomy":"post_tag","embeddable":true,"href":"https:\/\/hostnetart.com.br\/baixada\/wp-json\/wp\/v2\/tags?post=13648"}],"curies":[{"name":"wp","href":"https:\/\/api.w.org\/{rel}","templated":true}]}}