{"id":13646,"date":"2023-02-02T03:09:06","date_gmt":"2023-02-02T06:09:06","guid":{"rendered":"https:\/\/hostnetart.com.br\/baixada\/movimento-sindical-solicita-antecipacao-da-plr\/"},"modified":"2023-02-02T03:09:06","modified_gmt":"2023-02-02T06:09:06","slug":"movimento-sindical-solicita-antecipacao-da-plr","status":"publish","type":"post","link":"https:\/\/hostnetart.com.br\/baixada\/movimento-sindical-solicita-antecipacao-da-plr\/","title":{"rendered":"Movimento Sindical solicita antecipa\u00e7\u00e3o da PLR"},"content":{"rendered":"<p>O Movimento Sindical, atrav\u00e9s da Confedera\u00e7\u00e3o Nacional dos Trabalhadores do Ramo Financeiro (Contraf-CUT), da qual o Sindicato dos Banc\u00e1rios da Baixada Fluminense \u00e9 filiada, enviou of\u00edcio aos principais bancos do pa\u00eds, nesta quarta-feira (1\u00ba\/2), solicitando a antecipa\u00e7\u00e3o do pagamento da 2\u00aa parcela da Participa\u00e7\u00e3o nos Lucros e\/ou Resultados (PLR), referente ao exerc\u00edcio de 2022.<\/p>\n<p>De acordo com o definido na cl\u00e1usula primeira da Conven\u00e7\u00e3o Coletiva de Trabalho (CCT) \u2013 PLR 2022, os bancos privados t\u00eam at\u00e9 o dia <span dir=\"ltr\">1\u00ba de mar\u00e7o de 2023<\/span> para efetuar o pagamento, mas, \u201csabe-se que nos meses de janeiro e fevereiro concentram-se as maiores despesas por parte dos trabalhadores, em raz\u00e3o da cobran\u00e7a de IPTU, IPVA, matr\u00edcula e material escolar\u201d, afirma a Contraf-CUT no of\u00edcio ao justificar a solicita\u00e7\u00e3o.<\/p>\n<h3><strong>Bancos p\u00fablicos<\/strong><\/h3>\n<p>A data de pagamento \u00e9 diferente para os trabalhadores de bancos p\u00fablicos. Por exemplo, na Caixa, o pagamento pode ser efetuado at\u00e9 o dia <span dir=\"ltr\">31 de mar\u00e7o<\/span>, conforme definido no par\u00e1grafo oitavo da cl\u00e1usula sexta do Acordo Coletivo de Trabalho (ACT) dos empregados. J\u00e1 no Banco do Brasil, o pagamento pode ser efetuado em at\u00e9 dez dias \u00fateis ap\u00f3s a data de distribui\u00e7\u00e3o dos dividendos ou JCP-Juros aos acionistas.<\/p>\n<p>A Contraf-CUT tamb\u00e9m enviou of\u00edcio aos bancos p\u00fablicos solicitando a antecipa\u00e7\u00e3o da PLR.<\/p>\n<p><strong>Fonte: Contraf-CUT<\/strong><\/p>\n","protected":false},"excerpt":{"rendered":"<p>O Movimento Sindical, atrav\u00e9s da Confedera\u00e7\u00e3o Nacional dos Trabalhadores do Ramo Financeiro (Contraf-CUT), da qual o Sindicato dos Banc\u00e1rios da Baixada Fluminense \u00e9 filiada, enviou of\u00edcio aos principais bancos do pa\u00eds, nesta quarta-feira (1\u00ba\/2), solicitando a antecipa\u00e7\u00e3o do pagamento da 2\u00aa parcela da Participa\u00e7\u00e3o nos Lucros e\/ou Resultados (PLR), referente ao exerc\u00edcio de 2022. De [&hellip;]<\/p>\n","protected":false},"author":2,"featured_media":13645,"comment_status":"","ping_status":"","sticky":false,"template":"","format":"standard","meta":{"footnotes":""},"categories":[3],"tags":[],"class_list":["post-13646","post","type-post","status-publish","format-standard","has-post-thumbnail","hentry","category-noticias"],"_links":{"self":[{"href":"https:\/\/hostnetart.com.br\/baixada\/wp-json\/wp\/v2\/posts\/13646","targetHints":{"allow":["GET"]}}],"collection":[{"href":"https:\/\/hostnetart.com.br\/baixada\/wp-json\/wp\/v2\/posts"}],"about":[{"href":"https:\/\/hostnetart.com.br\/baixada\/wp-json\/wp\/v2\/types\/post"}],"author":[{"embeddable":true,"href":"https:\/\/hostnetart.com.br\/baixada\/wp-json\/wp\/v2\/users\/2"}],"replies":[{"embeddable":true,"href":"https:\/\/hostnetart.com.br\/baixada\/wp-json\/wp\/v2\/comments?post=13646"}],"version-history":[{"count":0,"href":"https:\/\/hostnetart.com.br\/baixada\/wp-json\/wp\/v2\/posts\/13646\/revisions"}],"wp:featuredmedia":[{"embeddable":true,"href":"https:\/\/hostnetart.com.br\/baixada\/wp-json\/wp\/v2\/media\/13645"}],"wp:attachment":[{"href":"https:\/\/hostnetart.com.br\/baixada\/wp-json\/wp\/v2\/media?parent=13646"}],"wp:term":[{"taxonomy":"category","embeddable":true,"href":"https:\/\/hostnetart.com.br\/baixada\/wp-json\/wp\/v2\/categories?post=13646"},{"taxonomy":"post_tag","embeddable":true,"href":"https:\/\/hostnetart.com.br\/baixada\/wp-json\/wp\/v2\/tags?post=13646"}],"curies":[{"name":"wp","href":"https:\/\/api.w.org\/{rel}","templated":true}]}}