{"id":13638,"date":"2023-01-31T14:24:55","date_gmt":"2023-01-31T17:24:55","guid":{"rendered":"https:\/\/hostnetart.com.br\/baixada\/vem-ai-o-grito-de-carnaval-dos-bancarios-da-baixada-fluminense\/"},"modified":"2023-01-31T14:24:55","modified_gmt":"2023-01-31T17:24:55","slug":"vem-ai-o-grito-de-carnaval-dos-bancarios-da-baixada-fluminense","status":"publish","type":"post","link":"https:\/\/hostnetart.com.br\/baixada\/vem-ai-o-grito-de-carnaval-dos-bancarios-da-baixada-fluminense\/","title":{"rendered":"Vem a\u00ed o Grito de Carnaval dos Banc\u00e1rios da Baixada Fluminense"},"content":{"rendered":"<p>Nos dias 9 e 15 de fevereiro, o Sindicato dos Banc\u00e1rios da Baixada Fluminense ir\u00e1 realizar o Grito de Carnaval dos Banc\u00e1rios.<\/p>\n<p>Em Duque de Caxias, o evento ocorre no dia 9\/2, na Sede da nossa entidade.<\/p>\n<p>E na nossa Sub-Sede, em Nova Igua\u00e7u, ocorre no dia 15\/2.<\/p>\n<p>A folia come\u00e7a a partir das 17 horas e vai contar com muita m\u00fasica, marchinhas de carnaval e descontra\u00e7\u00e3o.\u00a0<\/p>\n<p>A m\u00fasica fica por conta da Bandinha do Mestre Delyy<\/p>\n<p><strong>IMPORTANTE<\/strong><\/p>\n<p>O evento \u00e9 exclusivo para banc\u00e1rios\/banc\u00e1rias e seus dependentes.\u00a0<\/p>\n<p>Churrasco liberado e as bebidas \u00e0 parte.<\/p>\n<p>EVITE O DESPERD\u00cdCIO!\u00a0<\/p>\n","protected":false},"excerpt":{"rendered":"<p>Nos dias 9 e 15 de fevereiro, o Sindicato dos Banc\u00e1rios da Baixada Fluminense ir\u00e1 realizar o Grito de Carnaval dos Banc\u00e1rios. Em Duque de Caxias, o evento ocorre no dia 9\/2, na Sede da nossa entidade. E na nossa Sub-Sede, em Nova Igua\u00e7u, ocorre no dia 15\/2. A folia come\u00e7a a partir das 17 [&hellip;]<\/p>\n","protected":false},"author":2,"featured_media":13637,"comment_status":"","ping_status":"","sticky":false,"template":"","format":"standard","meta":{"footnotes":""},"categories":[3],"tags":[],"class_list":["post-13638","post","type-post","status-publish","format-standard","has-post-thumbnail","hentry","category-noticias"],"_links":{"self":[{"href":"https:\/\/hostnetart.com.br\/baixada\/wp-json\/wp\/v2\/posts\/13638","targetHints":{"allow":["GET"]}}],"collection":[{"href":"https:\/\/hostnetart.com.br\/baixada\/wp-json\/wp\/v2\/posts"}],"about":[{"href":"https:\/\/hostnetart.com.br\/baixada\/wp-json\/wp\/v2\/types\/post"}],"author":[{"embeddable":true,"href":"https:\/\/hostnetart.com.br\/baixada\/wp-json\/wp\/v2\/users\/2"}],"replies":[{"embeddable":true,"href":"https:\/\/hostnetart.com.br\/baixada\/wp-json\/wp\/v2\/comments?post=13638"}],"version-history":[{"count":0,"href":"https:\/\/hostnetart.com.br\/baixada\/wp-json\/wp\/v2\/posts\/13638\/revisions"}],"wp:featuredmedia":[{"embeddable":true,"href":"https:\/\/hostnetart.com.br\/baixada\/wp-json\/wp\/v2\/media\/13637"}],"wp:attachment":[{"href":"https:\/\/hostnetart.com.br\/baixada\/wp-json\/wp\/v2\/media?parent=13638"}],"wp:term":[{"taxonomy":"category","embeddable":true,"href":"https:\/\/hostnetart.com.br\/baixada\/wp-json\/wp\/v2\/categories?post=13638"},{"taxonomy":"post_tag","embeddable":true,"href":"https:\/\/hostnetart.com.br\/baixada\/wp-json\/wp\/v2\/tags?post=13638"}],"curies":[{"name":"wp","href":"https:\/\/api.w.org\/{rel}","templated":true}]}}