{"id":13636,"date":"2023-01-30T16:55:36","date_gmt":"2023-01-30T19:55:36","guid":{"rendered":"https:\/\/hostnetart.com.br\/baixada\/banco-central-erra-estatistica-economica-e-servidores-apontam-sucateamento-do-orgao\/"},"modified":"2023-01-30T16:55:36","modified_gmt":"2023-01-30T19:55:36","slug":"banco-central-erra-estatistica-economica-e-servidores-apontam-sucateamento-do-orgao","status":"publish","type":"post","link":"https:\/\/hostnetart.com.br\/baixada\/banco-central-erra-estatistica-economica-e-servidores-apontam-sucateamento-do-orgao\/","title":{"rendered":"Banco Central erra estat\u00edstica econ\u00f4mica, e servidores apontam sucateamento do \u00f3rg\u00e3o"},"content":{"rendered":"<p>O Banco Central (BC) anunciou na quinta-feira (26) que suas estat\u00edsticas sobre o fluxo cambial da economia brasileira foram divulgadas mensalmente contendo erros desde outubro de 2021. O fluxo cambial mede os d\u00f3lares que entram e saem do pa\u00eds em opera\u00e7\u00f5es de com\u00e9rcio exterior, investimentos ou mesmo para compra e venda de reservas.<\/p>\n<p><strong><a href=\"https:\/\/www.brasildefato.com.br\/2022\/08\/28\/autonomia-do-banco-central-pode-ser-problema-para-eventual-governo-lula-arrumar-a-economia\" target=\"_blank\" rel=\"noopener noreferrer\">::Autonomia do Banco Central pode ser problema para governo Lula arrumar a economia::<\/a><\/strong><\/p>\n<p>Ap\u00f3s a constata\u00e7\u00e3o do erro, o BC precisou revisar sua s\u00e9rie hist\u00f3rica sobre o indicador. Nessa revis\u00e3o, ele detectou que o que era apontado como uma entrada l\u00edquida de d\u00f3lares na economia nacional em 2022 (mais recursos entrando que saindo), na verdade, n\u00e3o existia. No ano passado, houve sa\u00edda l\u00edquida de recursos do pa\u00eds.<\/p>\n<p>O erro registrado pelo BC \u00e9 de mais de US$ 12 bilh\u00f5es \u2013 cerca de R$ 60 bilh\u00f5es na cota\u00e7\u00e3o atual da moeda dos EUA.<\/p>\n<p>Antes da corre\u00e7\u00e3o, o \u00f3rg\u00e3o informava um saldo de entrada de US$ 9,5 bilh\u00f5es no pa\u00eds, em 2022. Isso dava a impress\u00e3o que mais estrangeiros estavam trazendo dinheiro para c\u00e1, em pleno ano eleitoral.<\/p>\n<p>Ap\u00f3s a revis\u00e3o dos dados, o BC verificou um saldo negativo de fluxo de capital de US$ 3,2 bilh\u00f5es. Ou seja, um cen\u00e1rio oposto, com mais pessoas e empresas tirando recursos do pa\u00eds que colocando.<\/p>\n<p><strong><a href=\"https:\/\/www.brasildefato.com.br\/2023\/01\/03\/pix-novas-regras-entram-em-vigor-nesta-semana\" target=\"_blank\" rel=\"noopener noreferrer\">::Pix: novas regras entram em vigor::<\/a><\/strong><\/p>\n<p>Segundo o BC, por uma falha na apura\u00e7\u00e3o dos dados, acabaram sendo desconsideradas algumas opera\u00e7\u00f5es de importa\u00e7\u00e3o, na qual uma empresa ou pessoa brasileira envia d\u00f3lares para fora para comprar um produto.<\/p>\n<p>Em 2022, US$ 250 bilh\u00f5es foram enviados ao exterior em importa\u00e7\u00f5es, segundo dados j\u00e1 revisados. At\u00e9 a detec\u00e7\u00e3o da falha, o BC informava US$ 238 bilh\u00f5es em importa\u00e7\u00f5es.<\/p>\n<p>O mesmo erro de apura\u00e7\u00e3o de dados tamb\u00e9m ocorreu em 2021, mas s\u00f3 a partir de outubro. Por conta disso, o impacto nas contas de fluxo foi menor \u2013US$ 1,7 bilh\u00e3o.<\/p>\n<p class=\"ckeditor-subtitle\"><strong>Sucateamento<\/strong><\/p>\n<p>Ap\u00f3s a constata\u00e7\u00e3o da falha, o chefe de estat\u00edstica do BC, Fernando Rocha \u2013servidor de carreira do \u00f3rg\u00e3o\u2013 desculpou-se com analistas que utilizam dados da institui\u00e7\u00e3o.<\/p>\n<p>O erro chegou a ser comparado \u00e0s &#8220;inconsist\u00eancias cont\u00e1beis\u201d do\u00a0<a href=\"https:\/\/www.brasildefato.com.br\/2023\/01\/18\/caso-americanas-gera-briga-entre-mais-ricos-do-pais-mas-pode-prejudicar-os-mais-pobres\" target=\"_blank\" rel=\"noopener noreferrer\">caso Americanas<\/a>\u00a0em redes sociais. Assim como a falha cont\u00e1bil da gigante do varejo, o erro do BC tamb\u00e9m apresentava um panorama mais favor\u00e1vel do que o real, s\u00f3 que sobre a economia brasileira.<\/p>\n<p>O presidente do Sindicato Nacional dos Funcion\u00e1rios do Banco Central (Sinal), Fabio Faiad, afirmou que n\u00e3o cr\u00ea em nenhuma manipula\u00e7\u00e3o de dados no BC para favorecimento de algum pol\u00edtico ou partido \u2013<a href=\"https:\/\/www.brasildefato.com.br\/2023\/01\/18\/caso-americanas-gera-briga-entre-mais-ricos-do-pais-mas-pode-prejudicar-os-mais-pobres\" target=\"_blank\" rel=\"noopener noreferrer\">nas Americanas, h\u00e1 suspeita de fraude<\/a>.<\/p>\n<p>Em entrevista ao\u00a0<strong>Brasil de Fato<\/strong>, Faiad afirmou que o que houve no BC foi resultado de um sucateamento da institui\u00e7\u00e3o e falta de pessoal para executar um determinado trabalho. \u201cEssa coisa de fazer mais e mais com cada vez menos pessoas pode ser bonitinho, mas na pr\u00e1tica\u00a0leva a erros como esse\u201d, afirmou.<\/p>\n<p>Faiad explicou que estat\u00edsticas do BC s\u00e3o produzidas por planilhas, sistema de informa\u00e7\u00e3o, de forma quase automatizada. Isso tudo, por\u00e9m, precisa ser checado periodicamente por um funcion\u00e1rio. Com menos servidores, menos checagem, mais erros.<\/p>\n<p>\u201cEstamos com d\u00e9ficit de pelo menos mil servidores e tocando cada vez mais projetos: pix, open finance, real digital\u2026\u201d reclamou Faiad. \u201cPela lei, o BC deveria ter 6,5 mil funcion\u00e1rios. Estamos com cerca de 3,5 mil.\u201d<\/p>\n<p>\u201cJ\u00e1 s\u00e3o mais de dez anos sem qualquer concurso p\u00fablico e com remunera\u00e7\u00f5es defasadas e assimetrias injustific\u00e1veis, o que implica a piora significativa do clima organizacional, impactando diretamente na rotina laboral do \u00f3rg\u00e3o\u201d, complementou o Sinal, em nota sobre o erro do BC encaminhada \u00e0 imprensa.<\/p>\n<p class=\"ckeditor-subtitle\"><strong>Credibilidade<\/strong><\/p>\n<p>O economista Mauricio Weiss, professor da Universidade Federal do Rio Grande do Sul (UFRGS), disse que o erro do BC n\u00e3o chega a ter impacto real nos rumos da economia brasileira e na decis\u00e3o de investidores que aplicam recursos aqui. Segundo ele, afeta, sim, a credibilidade da institui\u00e7\u00e3o.<\/p>\n<p>A mesma impress\u00e3o tem o economista Andrew Storfer, diretor do N\u00facleo de Economia da Associa\u00e7\u00e3o Nacional dos Executivos de Finan\u00e7as, Administra\u00e7\u00e3o e Contabilidade (Anefac). \u201cN\u00e3o acho t\u00e3o impactante [para a economia]. Claro que erros n\u00e3o s\u00e3o saud\u00e1veis, mas neste caso o erro representa no ano menos de 5% das opera\u00e7\u00f5es\u201d, disse. \u201cO efeito pr\u00e1tico n\u00e3o \u00e9 relevante.\u201d<\/p>\n<p>M\u00e1rcio Pochmann, economista e professor da Universidade Estadual de Campinas (Unicamp), disse que o BC tem falhado no cumprimento de suas obriga\u00e7\u00f5es. Esse erro \u00e9 mais uma dessas falhas.<\/p>\n<p>O \u00f3rg\u00e3o, que se tornou aut\u00f4nomo em 2021, durante o governo de Jair Bolsonaro (PL), \u00e9 legalmente respons\u00e1vel pelo controle da infla\u00e7\u00e3o no pa\u00eds.\u00a0<a href=\"https:\/\/www.brasildefato.com.br\/2023\/01\/10\/inflacao-atinge-5-79-em-2022-e-ultrapassa-meta-em-2-dos-4-anos-de-governo-bolsonaro\" target=\"_blank\" rel=\"noopener noreferrer\">Em 2021 e em 2022, as metas de infla\u00e7\u00e3o estipuladas pelo Conselho Monet\u00e1rio Nacional (CNM) n\u00e3o foram cumpridas.<\/a><\/p>\n<p><strong>Fonte: Brasil de Fato<\/strong><\/p>\n","protected":false},"excerpt":{"rendered":"<p>O Banco Central (BC) anunciou na quinta-feira (26) que suas estat\u00edsticas sobre o fluxo cambial da economia brasileira foram divulgadas mensalmente contendo erros desde outubro de 2021. O fluxo cambial mede os d\u00f3lares que entram e saem do pa\u00eds em opera\u00e7\u00f5es de com\u00e9rcio exterior, investimentos ou mesmo para compra e venda de reservas. ::Autonomia do [&hellip;]<\/p>\n","protected":false},"author":2,"featured_media":13635,"comment_status":"","ping_status":"","sticky":false,"template":"","format":"standard","meta":{"footnotes":""},"categories":[3],"tags":[],"class_list":["post-13636","post","type-post","status-publish","format-standard","has-post-thumbnail","hentry","category-noticias"],"_links":{"self":[{"href":"https:\/\/hostnetart.com.br\/baixada\/wp-json\/wp\/v2\/posts\/13636","targetHints":{"allow":["GET"]}}],"collection":[{"href":"https:\/\/hostnetart.com.br\/baixada\/wp-json\/wp\/v2\/posts"}],"about":[{"href":"https:\/\/hostnetart.com.br\/baixada\/wp-json\/wp\/v2\/types\/post"}],"author":[{"embeddable":true,"href":"https:\/\/hostnetart.com.br\/baixada\/wp-json\/wp\/v2\/users\/2"}],"replies":[{"embeddable":true,"href":"https:\/\/hostnetart.com.br\/baixada\/wp-json\/wp\/v2\/comments?post=13636"}],"version-history":[{"count":0,"href":"https:\/\/hostnetart.com.br\/baixada\/wp-json\/wp\/v2\/posts\/13636\/revisions"}],"wp:featuredmedia":[{"embeddable":true,"href":"https:\/\/hostnetart.com.br\/baixada\/wp-json\/wp\/v2\/media\/13635"}],"wp:attachment":[{"href":"https:\/\/hostnetart.com.br\/baixada\/wp-json\/wp\/v2\/media?parent=13636"}],"wp:term":[{"taxonomy":"category","embeddable":true,"href":"https:\/\/hostnetart.com.br\/baixada\/wp-json\/wp\/v2\/categories?post=13636"},{"taxonomy":"post_tag","embeddable":true,"href":"https:\/\/hostnetart.com.br\/baixada\/wp-json\/wp\/v2\/tags?post=13636"}],"curies":[{"name":"wp","href":"https:\/\/api.w.org\/{rel}","templated":true}]}}