{"id":13632,"date":"2023-01-30T16:01:31","date_gmt":"2023-01-30T19:01:31","guid":{"rendered":"https:\/\/hostnetart.com.br\/baixada\/forum-social-mundial-entidades-aprovam-conferencia-popular-sobre-tributacao\/"},"modified":"2023-01-30T16:01:31","modified_gmt":"2023-01-30T19:01:31","slug":"forum-social-mundial-entidades-aprovam-conferencia-popular-sobre-tributacao","status":"publish","type":"post","link":"https:\/\/hostnetart.com.br\/baixada\/forum-social-mundial-entidades-aprovam-conferencia-popular-sobre-tributacao\/","title":{"rendered":"F\u00f3rum Social Mundial: entidades aprovam Confer\u00eancia Popular sobre Tributa\u00e7\u00e3o"},"content":{"rendered":"<p>Representantes de centrais sindicais e movimentos sociais, incluindo a Confedera\u00e7\u00e3o Nacional dos Trabalhadores do Ramo Financeiro (Contraf-CUT), aprovaram a cria\u00e7\u00e3o da Confer\u00eancia Popular sobre Tributa\u00e7\u00e3o. A decis\u00e3o ocorreu nesta quinta-feira (26), ao final do encontro \u201cTributa\u00e7\u00e3o e Luta de Classes\u201d, promovido pelo Instituto Justi\u00e7a Fiscal (IJF), como parte das atividades do F\u00f3rum Social Mundial 2023, que est\u00e1 ocorrendo em Porto Alegre.<\/p>\n<p>\u201cTodas as pol\u00edticas que o Brasil precisa para melhorar enquanto pa\u00eds, necessariamente, passam pela quest\u00e3o da tributa\u00e7\u00e3o\u201d, explicou o secret\u00e1rio de Assuntos Socioecon\u00f4micos da Contraf-CUT, Walcir Previtale, que participou do encontro. \u201cEnt\u00e3o, para avan\u00e7armos na tributa\u00e7\u00e3o, na quest\u00e3o das grandes heran\u00e7as, grandes fortunas e, sobretudo, na quest\u00e3o do imposto de renda, temos que passar por lutas, e lutas pol\u00edticas. Esse foi o centro do debate que tivemos no encontro\u201d, completou.<\/p>\n<h3>Momento prop\u00edcio\u00a0<\/h3>\n<p>Walcir ressaltou que a quest\u00e3o do imposto de renda, em especial, \u201cest\u00e1 na ordem do dia\u201d. Na semana passada,\u00a0<a href=\"https:\/\/contrafcut.com.br\/noticias\/lula-se-encontra-com-representantes-dos-trabalhadores\/\" target=\"_blank\" rel=\"noopener noreferrer\">em encontro com cerca de 600 sindicalistas no Pal\u00e1cio do Planalto<\/a>, o presidente da Rep\u00fablica, Luiz In\u00e1cio Lula da Silva, reafirmou um dos seus compromissos, feitos durante a corrida eleitoral, de corre\u00e7\u00e3o da tabela do Imposto de Renda. E, nesta sexta (27), o ministro da Fazenda, Fernando Haddad,\u00a0<a href=\"https:\/\/g1.globo.com\/economia\/noticia\/2021\/12\/07\/4-dados-que-mostram-por-que-brasil-e-um-dos-paises-mais-desiguais-do-mundo-segundo-relatorio.ghtml\" target=\"_blank\" rel=\"noopener noreferrer\">convidou governadores para acompanhar as discuss\u00f5es em torno da reforma tribut\u00e1ria<\/a>.<\/p>\n<p>\u201cA quest\u00e3o tribut\u00e1ria, da forma como se encontra, se tornou fonte de desigualdade fiscal em nosso pa\u00eds. O\u00a0<a href=\"https:\/\/contrafcut.com.br\/noticias\/falta-de-correcao-na-tabela-do-ir-corroi-renda-dos-trabalhadores\/\" target=\"_blank\" rel=\"noopener noreferrer\">congelamento do reajuste da tabela do imposto de renda, nos \u00faltimos seis anos<\/a>, gerou uma enorme distor\u00e7\u00e3o. Milhares de trabalhadores, com baixos sal\u00e1rios, est\u00e3o pagando muito mais imposto de renda do que \u00e9 justo. Por isso, precisamos urgentemente ampliar a faixa de isen\u00e7\u00e3o da classe trabalhadora\u201d, explicou o secret\u00e1rio da Contraf-CUT.<\/p>\n<p>O dirigente observou que, apesar dos desafios pol\u00edticos que envolvem o debate em torno do sistema tribut\u00e1rio brasileiro, a f\u00f3rmula para corrigir as distor\u00e7\u00f5es geradas pelo esquema praticado no pa\u00eds \u201c\u00e9 simples\u201d: \u201cSe baseia na Justi\u00e7a Social, ou seja, quem tem mais, paga mais, e quem tem menos, paga menos impostos. Precisamos ter no horizonte qual sociedade queremos e como se d\u00e1 o financiamento do Estado, das pol\u00edticas p\u00fablicas. E todos t\u00eam que contribuir\u201d, pontuou.<\/p>\n<h3>Constitui\u00e7\u00e3o prev\u00ea imposto sobre fortunas\u00a0<\/h3>\n<p>Apesar de o Imposto Sobre Grandes Fortunas (IGF) estar previsto na Constitui\u00e7\u00e3o desde 1988, \u00e9 o \u00fanico que n\u00e3o \u00e9 cobrado. Paralelo a esse fato, metade da receita de imposto no Brasil \u00e9 oriunda do consumo. O resultado \u00e9 que, proporcionalmente, os pobres pagam mais impostos que os ricos, no Brasil,\u00a0<a href=\"https:\/\/g1.globo.com\/economia\/noticia\/2021\/12\/07\/4-dados-que-mostram-por-que-brasil-e-um-dos-paises-mais-desiguais-do-mundo-segundo-relatorio.ghtml\" target=\"_blank\" rel=\"noopener noreferrer\">contribuindo para que o pa\u00eds seja um dos mais desiguais do mundo<\/a>, onde 1% dos mais ricos concentra metade da riqueza nacional.<\/p>\n<p>O doutor em economia e professor da Unicamp, Pedro Rossi, um dos palestrantes do evento, observou que \u201ca tributa\u00e7\u00e3o \u00e9 um instrumento da classe dominante para impor seu projeto\u201d, portanto, \u201ca luta de classe tem tudo a ver com tributa\u00e7\u00e3o\u201d.<\/p>\n<p>A seguir, a carta divulgada no encontro para a Confer\u00eancia Popular sobre Tributa\u00e7\u00e3o:<\/p>\n<p><a href=\"https:\/\/ijf.org.br\/aprovada-realizacao-de-conferencia-popular-sobre-tributacao\/\" target=\"_blank\" rel=\"noopener noreferrer\">CONSIDERANDO QUE:<\/a><\/p>\n<p>O Brasil est\u00e1 constitu\u00eddo, desde a promulga\u00e7\u00e3o da Constitui\u00e7\u00e3o Federal, em 1988, como um Estado social, cujos objetivos fundamentais s\u00e3o a constru\u00e7\u00e3o de uma sociedade livre, justa e solid\u00e1ria, erradicar a pobreza a marginaliza\u00e7\u00e3o e reduzir as desigualdades, promover o desenvolvimento e promover o bem de todos;<\/p>\n<p>Que a concretiza\u00e7\u00e3o dos objetivos fundamentais se materializa na garantia dos direitos sociais, dentre eles, \u00e0 sa\u00fade, \u00e0 educa\u00e7\u00e3o, ao trabalho, \u00e0 moradia, ao meio-ambiente saud\u00e1vel, ao trabalho, \u00e0 renda m\u00ednima, \u00e0 alimenta\u00e7\u00e3o, ao lazer, \u00e0 prote\u00e7\u00e3o \u00e0 maternidade, \u00e0 inf\u00e2ncia e velhice, \u00e0 previd\u00eancia p\u00fablica, dentre outros;<\/p>\n<p>Que o sistema tribut\u00e1rio \u00e9 o principal instrumento para garantir efetividade aos objetivos constitucionais, n\u00e3o apenas como provedor das fontes para o financiamento das pol\u00edticas p\u00fablicas, mas tamb\u00e9m como instrumento de organiza\u00e7\u00e3o e orienta\u00e7\u00e3o do desenvolvimento nacional;<\/p>\n<p>Que quem controla os instrumentos interfere nos resultados obtidos;<\/p>\n<p>Que as lutas setoriais pela sa\u00fade, pela educa\u00e7\u00e3o, pela prote\u00e7\u00e3o ao meio-ambiente, pela moradia, pelo acesso \u00e0 terra, pela valoriza\u00e7\u00e3o dos sal\u00e1rios, pela Universidade, pelo combate \u00e0 fome, pela prote\u00e7\u00e3o aos povos origin\u00e1rios, entre outras, dependem fundamentalmente do Estado e das pol\u00edticas p\u00fablicas.<\/p>\n<p>Que o alcance dos objetivos institucionais do Estado social e das conquistas das pautas setoriais mais importantes para a sociedade brasileira depende da configura\u00e7\u00e3o do sistema tribut\u00e1rio;<\/p>\n<p>Que o sistema tribut\u00e1rio brasileiro \u00e9 profundamente regressivo, na medida em que tributa muito mais os mais pobres do que os mais ricos, proporcionalmente \u00e0 renda de cada um, contribuindo para o aumento da desigualdade social;<\/p>\n<p>Que as discuss\u00f5es sobre o sistema tribut\u00e1rio t\u00eam permanecido interditadas para os movimentos sociais e restritas principalmente aos grupos representativos das grandes corpora\u00e7\u00f5es empresariais; na maioria das vezes, contr\u00e1rios \u00e0s pautas dos movimentos sociais e do desenvolvimento sustent\u00e1vel e distributivo.<\/p>\n<p>As entidades presentes na Oficina \u201cTributa\u00e7\u00e3o e Luta de Classes\u201d, no F\u00f3rum Social Mundial, realizada no dia 26 de janeiro de 2023, no audit\u00f3rio do Sindicato dos Banc\u00e1rios de Porto Alegre, aprovam a proposta de constru\u00e7\u00e3o da Confer\u00eancia Popular sobre Tributa\u00e7\u00e3o.<\/p>\n<p>TRIBUTAR OS SUPER-RICOS<\/p>\n<p><strong>Fonte: Contraf-CUT<\/strong><\/p>\n","protected":false},"excerpt":{"rendered":"<p>Representantes de centrais sindicais e movimentos sociais, incluindo a Confedera\u00e7\u00e3o Nacional dos Trabalhadores do Ramo Financeiro (Contraf-CUT), aprovaram a cria\u00e7\u00e3o da Confer\u00eancia Popular sobre Tributa\u00e7\u00e3o. A decis\u00e3o ocorreu nesta quinta-feira (26), ao final do encontro \u201cTributa\u00e7\u00e3o e Luta de Classes\u201d, promovido pelo Instituto Justi\u00e7a Fiscal (IJF), como parte das atividades do F\u00f3rum Social Mundial 2023, [&hellip;]<\/p>\n","protected":false},"author":2,"featured_media":13631,"comment_status":"","ping_status":"","sticky":false,"template":"","format":"standard","meta":{"footnotes":""},"categories":[3],"tags":[],"class_list":["post-13632","post","type-post","status-publish","format-standard","has-post-thumbnail","hentry","category-noticias"],"_links":{"self":[{"href":"https:\/\/hostnetart.com.br\/baixada\/wp-json\/wp\/v2\/posts\/13632","targetHints":{"allow":["GET"]}}],"collection":[{"href":"https:\/\/hostnetart.com.br\/baixada\/wp-json\/wp\/v2\/posts"}],"about":[{"href":"https:\/\/hostnetart.com.br\/baixada\/wp-json\/wp\/v2\/types\/post"}],"author":[{"embeddable":true,"href":"https:\/\/hostnetart.com.br\/baixada\/wp-json\/wp\/v2\/users\/2"}],"replies":[{"embeddable":true,"href":"https:\/\/hostnetart.com.br\/baixada\/wp-json\/wp\/v2\/comments?post=13632"}],"version-history":[{"count":0,"href":"https:\/\/hostnetart.com.br\/baixada\/wp-json\/wp\/v2\/posts\/13632\/revisions"}],"wp:featuredmedia":[{"embeddable":true,"href":"https:\/\/hostnetart.com.br\/baixada\/wp-json\/wp\/v2\/media\/13631"}],"wp:attachment":[{"href":"https:\/\/hostnetart.com.br\/baixada\/wp-json\/wp\/v2\/media?parent=13632"}],"wp:term":[{"taxonomy":"category","embeddable":true,"href":"https:\/\/hostnetart.com.br\/baixada\/wp-json\/wp\/v2\/categories?post=13632"},{"taxonomy":"post_tag","embeddable":true,"href":"https:\/\/hostnetart.com.br\/baixada\/wp-json\/wp\/v2\/tags?post=13632"}],"curies":[{"name":"wp","href":"https:\/\/api.w.org\/{rel}","templated":true}]}}