{"id":13630,"date":"2023-01-27T15:40:40","date_gmt":"2023-01-27T18:40:40","guid":{"rendered":"https:\/\/hostnetart.com.br\/baixada\/construir-uma-nova-realidade-para-um-pais-que-queremos-e-precisamos-por-nilton-esperanca\/"},"modified":"2023-01-27T15:40:40","modified_gmt":"2023-01-27T18:40:40","slug":"construir-uma-nova-realidade-para-um-pais-que-queremos-e-precisamos-por-nilton-esperanca","status":"publish","type":"post","link":"https:\/\/hostnetart.com.br\/baixada\/construir-uma-nova-realidade-para-um-pais-que-queremos-e-precisamos-por-nilton-esperanca\/","title":{"rendered":"\u201cConstruir uma nova realidade para um pa\u00eds que queremos e precisamos\u201d \u2013 por Nilton Esperan\u00e7a"},"content":{"rendered":"<p><em>No dia 8 de janeiro de 2023, assistimos estarrecidos aos ataques \u00e0s sedes dos Tr\u00eas Poderes.<\/em><\/p>\n<p><em>Sob o olhar complacente da Pol\u00edcia Militar do Distrito Federal, v\u00e2ndalos invadiram os pr\u00e9dios do Senado, da C\u00e2mara dos Deputados e do STF munidos com pau, pedras e \u00f3dio contra o Estado Democr\u00e1tico de Direito, centenas de brasileiros e brasileiras promoveram o pior ataque \u00e0 nossa democracia desde o ano de 1964.<\/em><\/p>\n<p><em>O dia 08\/01\/2023, entrou para a nossa Hist\u00f3ria como um dia triste.<\/em><\/p>\n<p><em>A OAB classificou as invas\u00f5es como inaceit\u00e1veis; associa\u00e7\u00f5es de ju\u00edzes, promotores e delegados federais repudiaram as a\u00e7\u00f5es; pol\u00edticos de diversos partidos, incluindo (ex) aliados do ex-presidente, teceram pesadas cr\u00edticas aos ataques e a sociedade civil vem chamando a invas\u00e3o de \u201cbarb\u00e1rie\u201d. A indigna\u00e7\u00e3o com o que aconteceu no Distrito Federal fez o mundo ficar de p\u00e9 ao nosso lado. O presidente dos EUA, Joe Biden, tuitou uma mensagem de apoio ao Brasil, condenando o \u201catentado \u00e0 democracia\u201d. Na mesma linha seguiram praticamente todos os l\u00edderes da Am\u00e9rica Latina e nomes importantes da pol\u00edtica mundial, como o presidente da Fran\u00e7a, Emmanuel Macron, do governo espanhol, Pedro S\u00e1nchez e a premi\u00ea italiana Giorgia Meloni, que criticaram os ataques.<\/em><\/p>\n<p><em>O governo eleito, as institui\u00e7\u00f5es e boa parte da sociedade civil se uniram para dizer N\u00e3o \u00e0 tentativa de golpe. Nossa Democracia se mostrou forte e Soberana. Jamais poderemos admitir que isso venha acontecer novamente. Lutamos e defendemos um pa\u00eds que respeite a todas as classes, religi\u00f5es, etnias e g\u00eaneros.<\/em><\/p>\n<p><em>Como dirigente de uma entidade de classe, me questionei: N\u00f3s poder\u00edamos ter evitado esse atentado? Penso que n\u00e3o. Para que isso n\u00e3o tivesse acontecido, o candidato, que perdeu de forma democr\u00e1tica, teria que respeitar seus eleitores. Se pronunciando logo ap\u00f3s o fim das elei\u00e7\u00f5es, aceitando o resultado das urnas. Se comprometendo com seu eleitorado e com os parlamentares eleitos , a ajudar a melhorar a vida de n\u00f3s brasileiros, Atentados a institui\u00e7\u00f5es e pessoas, mundo afora, s\u00e3o constru\u00eddos sobre o discurso do \u00f3dio, da falta de respeito as diferen\u00e7as e de informa\u00e7\u00f5es mentirosas. Tenho a certeza que a maioria de seus eleitores n\u00e3o s\u00e3o como os v\u00e2ndalos que destru\u00edram o patrim\u00f4nio p\u00fablico, e n\u00e3o compactuam com essa pr\u00e1tica.<\/em><\/p>\n<p><em>A\u00a0<strong>Federa\u00e7\u00e3o dos Trabalhadores do Ramo Financeiro dos Estados do Rio de Janeiro e Esp\u00edrito Santo (Fetraf-RJ\/ES)<\/strong>\u00a0defende as investiga\u00e7\u00f5es e pris\u00f5es de todos os envolvidos no atentado do dia 08 de janeiro. Que sejam presos todos os que participaram, financiaram e instigaram os atos terroristas de acordo com a lei, garantindo acesso \u00e0 justi\u00e7a e preserva\u00e7\u00e3o de seus direitos (humanos) na condu\u00e7\u00e3o do processo criminal. Como deve ser em um Estado Democr\u00e1tico de Direito.<\/em><\/p>\n<p><em>Mas al\u00e9m da responsabiliza\u00e7\u00e3o dos criminosos envolvidos, para seguirmos precisamos pensar e refletir sobre que pa\u00eds queremos construir a partir dos atentados.<\/em><\/p>\n<p><em>Queremos continuar sendo um pa\u00eds de \u00f3dio, caos, de perda de direitos e de ostracismo internacional? Ou queremos um pa\u00eds gigante diante do mundo com respeito a nossa bela diversidade?<\/em><\/p>\n<p><em>Eu defendo um pa\u00eds que dialogue com todos os setores da sociedade; que fortale\u00e7a la\u00e7os com outros pa\u00edses construindo acordos com gera\u00e7\u00e3o de emprego, renda e riqueza para todos e todas.<\/em><br \/><em>Um pa\u00eds que respeita os direitos trabalhistas. Um pa\u00eds que investe em educa\u00e7\u00e3o, sa\u00fade e ci\u00eancia.<\/em><br \/><em>Um pa\u00eds que respeita suas institui\u00e7\u00f5es e que atrav\u00e9s do di\u00e1logo levante a bandeira da paz.<\/em><\/p>\n<p><em>Unidos somos fortes!<\/em><\/p>\n<p><strong>Nilton Dami\u00e3o Esperan\u00e7a<\/strong><br \/>Presidente \u2013 FETRAF RJ\/ES<\/p>\n","protected":false},"excerpt":{"rendered":"<p>No dia 8 de janeiro de 2023, assistimos estarrecidos aos ataques \u00e0s sedes dos Tr\u00eas Poderes. Sob o olhar complacente da Pol\u00edcia Militar do Distrito Federal, v\u00e2ndalos invadiram os pr\u00e9dios do Senado, da C\u00e2mara dos Deputados e do STF munidos com pau, pedras e \u00f3dio contra o Estado Democr\u00e1tico de Direito, centenas de brasileiros e [&hellip;]<\/p>\n","protected":false},"author":2,"featured_media":13629,"comment_status":"","ping_status":"","sticky":false,"template":"","format":"standard","meta":{"footnotes":""},"categories":[3],"tags":[],"class_list":["post-13630","post","type-post","status-publish","format-standard","has-post-thumbnail","hentry","category-noticias"],"_links":{"self":[{"href":"https:\/\/hostnetart.com.br\/baixada\/wp-json\/wp\/v2\/posts\/13630","targetHints":{"allow":["GET"]}}],"collection":[{"href":"https:\/\/hostnetart.com.br\/baixada\/wp-json\/wp\/v2\/posts"}],"about":[{"href":"https:\/\/hostnetart.com.br\/baixada\/wp-json\/wp\/v2\/types\/post"}],"author":[{"embeddable":true,"href":"https:\/\/hostnetart.com.br\/baixada\/wp-json\/wp\/v2\/users\/2"}],"replies":[{"embeddable":true,"href":"https:\/\/hostnetart.com.br\/baixada\/wp-json\/wp\/v2\/comments?post=13630"}],"version-history":[{"count":0,"href":"https:\/\/hostnetart.com.br\/baixada\/wp-json\/wp\/v2\/posts\/13630\/revisions"}],"wp:featuredmedia":[{"embeddable":true,"href":"https:\/\/hostnetart.com.br\/baixada\/wp-json\/wp\/v2\/media\/13629"}],"wp:attachment":[{"href":"https:\/\/hostnetart.com.br\/baixada\/wp-json\/wp\/v2\/media?parent=13630"}],"wp:term":[{"taxonomy":"category","embeddable":true,"href":"https:\/\/hostnetart.com.br\/baixada\/wp-json\/wp\/v2\/categories?post=13630"},{"taxonomy":"post_tag","embeddable":true,"href":"https:\/\/hostnetart.com.br\/baixada\/wp-json\/wp\/v2\/tags?post=13630"}],"curies":[{"name":"wp","href":"https:\/\/api.w.org\/{rel}","templated":true}]}}