{"id":13628,"date":"2023-01-27T15:33:34","date_gmt":"2023-01-27T18:33:34","guid":{"rendered":"https:\/\/hostnetart.com.br\/baixada\/em-resultado-preliminar-kelly-quirino-recebe-mais-de-60-dos-votos-na-eleicao-caref-bb\/"},"modified":"2023-01-27T15:33:34","modified_gmt":"2023-01-27T18:33:34","slug":"em-resultado-preliminar-kelly-quirino-recebe-mais-de-60-dos-votos-na-eleicao-caref-bb","status":"publish","type":"post","link":"https:\/\/hostnetart.com.br\/baixada\/em-resultado-preliminar-kelly-quirino-recebe-mais-de-60-dos-votos-na-eleicao-caref-bb\/","title":{"rendered":"Em resultado preliminar, Kelly Quirino recebe mais de 60% dos votos na elei\u00e7\u00e3o Caref BB"},"content":{"rendered":"<p>Kelly Quirino recebeu 60,70% dos votos para Caref BB no primeiro turno para o cargo que representar\u00e1 os funcion\u00e1rios no Conselho de Administra\u00e7\u00e3o (CA) do Banco do Brasil, nos pr\u00f3ximos dois anos. Com mais da metade dos votos, a candidata, apoiada pela Confedera\u00e7\u00e3o Nacional dos Trabalhadores do Ramo Financeiro (Contraf-CUT) e a grande maioria dos sindicatos de banc\u00e1rios e entidades de representa\u00e7\u00e3o do funcionalismo, vence a disputa sem a necessidade de um segundo turno.<\/p>\n<p>O resultado ainda \u00e9 preliminar. Conforme as regras do edital, os n\u00fameros finais ser\u00e3o divulgados, pela Comiss\u00e3o Eleitoral, somente no dia 8 de fevereiro. Em nota, ap\u00f3s a apresenta\u00e7\u00e3o dos resultados, Kelly disse estar grata \u201ca cada um e cada uma que participou desse processo e acolheu nossas propostas em cada local de trabalho onde estive\u201d. A candidata recebeu no total 19.091 votos, uma larga diferen\u00e7a em rela\u00e7\u00e3o ao segundo colocado, que recebeu 1.235. Participaram da disputa 91 candidatos.<\/p>\n<p>\u201cAtingimos um resultado importante, 60% dos votos v\u00e1lidos, que refor\u00e7am um projeto de unidade, apoiado pelos sindicatos de todo pa\u00eds, entidades de representa\u00e7\u00e3o e principalmente, pela milit\u00e2ncia que abra\u00e7ou de corpo e alma este projeto em defesa de um novo BB, para um novo Brasil\u201d, pontuou Kelly. \u201cEspero que sigamos unidos nessa empreitada e que continuemos juntos na luta por um BB para o Brasil e brasileiros\u201d, completou.<\/p>\n<h3>Propostas<\/h3>\n<p>Entre as propostas da nova Caref est\u00e1 a cria\u00e7\u00e3o de um canal direto com os funcion\u00e1rios, \u201cde prefer\u00eancia com inclus\u00e3o na intranet corporativa\u201d, explicou. Kelly defende o equil\u00edbrio do papel do Banco do Brasil, como agente financeiro que precisa apresentar resultados e, ao mesmo tempo, que deve dar apoio \u00e0s pol\u00edticas de desenvolvimento social do pa\u00eds.<\/p>\n<p>A funcion\u00e1ria do BB tamb\u00e9m prop\u00f5e a cria\u00e7\u00e3o de um comit\u00ea de diversidade e inclus\u00e3o vinculado \u00e0 Presid\u00eancia da institui\u00e7\u00e3o, com representantes dos funcion\u00e1rios, para fomentar a valoriza\u00e7\u00e3o de trabalhadores e trabalhadoras, \u201ccom a igualdade de oportunidades dentro do banco, independente de g\u00eanero, cor, idade, orienta\u00e7\u00e3o sexual ou escolha religiosa\u201d.<\/p>\n<p><strong>Fonte: Contraf-CUT<\/strong><\/p>\n","protected":false},"excerpt":{"rendered":"<p>Kelly Quirino recebeu 60,70% dos votos para Caref BB no primeiro turno para o cargo que representar\u00e1 os funcion\u00e1rios no Conselho de Administra\u00e7\u00e3o (CA) do Banco do Brasil, nos pr\u00f3ximos dois anos. Com mais da metade dos votos, a candidata, apoiada pela Confedera\u00e7\u00e3o Nacional dos Trabalhadores do Ramo Financeiro (Contraf-CUT) e a grande maioria dos [&hellip;]<\/p>\n","protected":false},"author":2,"featured_media":13627,"comment_status":"","ping_status":"","sticky":false,"template":"","format":"standard","meta":{"footnotes":""},"categories":[3],"tags":[],"class_list":["post-13628","post","type-post","status-publish","format-standard","has-post-thumbnail","hentry","category-noticias"],"_links":{"self":[{"href":"https:\/\/hostnetart.com.br\/baixada\/wp-json\/wp\/v2\/posts\/13628","targetHints":{"allow":["GET"]}}],"collection":[{"href":"https:\/\/hostnetart.com.br\/baixada\/wp-json\/wp\/v2\/posts"}],"about":[{"href":"https:\/\/hostnetart.com.br\/baixada\/wp-json\/wp\/v2\/types\/post"}],"author":[{"embeddable":true,"href":"https:\/\/hostnetart.com.br\/baixada\/wp-json\/wp\/v2\/users\/2"}],"replies":[{"embeddable":true,"href":"https:\/\/hostnetart.com.br\/baixada\/wp-json\/wp\/v2\/comments?post=13628"}],"version-history":[{"count":0,"href":"https:\/\/hostnetart.com.br\/baixada\/wp-json\/wp\/v2\/posts\/13628\/revisions"}],"wp:featuredmedia":[{"embeddable":true,"href":"https:\/\/hostnetart.com.br\/baixada\/wp-json\/wp\/v2\/media\/13627"}],"wp:attachment":[{"href":"https:\/\/hostnetart.com.br\/baixada\/wp-json\/wp\/v2\/media?parent=13628"}],"wp:term":[{"taxonomy":"category","embeddable":true,"href":"https:\/\/hostnetart.com.br\/baixada\/wp-json\/wp\/v2\/categories?post=13628"},{"taxonomy":"post_tag","embeddable":true,"href":"https:\/\/hostnetart.com.br\/baixada\/wp-json\/wp\/v2\/tags?post=13628"}],"curies":[{"name":"wp","href":"https:\/\/api.w.org\/{rel}","templated":true}]}}