{"id":13624,"date":"2023-01-26T16:05:38","date_gmt":"2023-01-26T19:05:38","guid":{"rendered":"https:\/\/hostnetart.com.br\/baixada\/bb-primeiro-turno-de-eleicao-para-caref-termina-nesta-quinta-feira-26\/"},"modified":"2023-01-26T16:05:38","modified_gmt":"2023-01-26T19:05:38","slug":"bb-primeiro-turno-de-eleicao-para-caref-termina-nesta-quinta-feira-26","status":"publish","type":"post","link":"https:\/\/hostnetart.com.br\/baixada\/bb-primeiro-turno-de-eleicao-para-caref-termina-nesta-quinta-feira-26\/","title":{"rendered":"BB: Primeiro turno de elei\u00e7\u00e3o para Caref termina nesta quinta-feira (26)"},"content":{"rendered":"<p>\u00a0<\/p>\n<p>Termina nesta quinta (26), \u00e0s 23h59, o primeiro turno da elei\u00e7\u00e3o para a Conselheira\/Conselheiro de Administra\u00e7\u00e3o Representante dos Funcion\u00e1rios (Caref), cargo para representar os funcion\u00e1rios no Conselho de Administra\u00e7\u00e3o (CA) do Banco do Brasil.\u00a0<\/p>\n<p>A Confedera\u00e7\u00e3o Nacional dos Trabalhadores do Ramo Financeiro (Contraf-CUT) e a grande maioria dos sindicatos de banc\u00e1rios e entidades de representa\u00e7\u00e3o do funcionalismo\u00a0<a href=\"https:\/\/kellyquironocarefbb.com.br\/\" target=\"_blank\" rel=\"noopener noreferrer\">apoiam a candidata Kelly Quirino<\/a>.<\/p>\n<p>Todos os funcion\u00e1rios da ativa podem participar da vota\u00e7\u00e3o, via SISBB. Veja todos os passos:<\/p>\n<p>&gt; Acesse o SISBB;<br \/>&gt; Clique na aba PESSOAL;<br \/>&gt; Clique na aba 48 VOTA\u00c7\u00d5ES BB;<br \/>&gt; Digite o n\u00famero do seu candidato.<\/p>\n<p>Para votar em Kelly Quirino, digite\u00a0<strong>F6073227<\/strong>.<\/p>\n<h3><strong>Datas<\/strong><\/h3>\n<p>A divulga\u00e7\u00e3o do resultado final do 1\u00ba turno acontecer\u00e1 em 8 de fevereiro. Os dois candidatos mais bem votados seguem para o 2\u00ba turno de vota\u00e7\u00e3o, programado entre os dias 24 de fevereiro e 2 de mar\u00e7o. Finalmente, no dia 10 de mar\u00e7o, ser\u00e1 anunciado o resultado final com a proclama\u00e7\u00e3o do eleito ou da eleita.\u00a0<\/p>\n<h3>Propostas de Kelly como Caref<\/h3>\n<p>\u2022 \u00a0 \u00a0 \u00a0 \u00a0 \u00a0 \u00a0 Defesa da recupera\u00e7\u00e3o do n\u00famero de postos de trabalho adequado, melhorando a qualidade de vida dos funcion\u00e1rios que hoje atuam em situa\u00e7\u00e3o prec\u00e1ria.<\/p>\n<p>\u2022 \u00a0 \u00a0 \u00a0 \u00a0 \u00a0 \u00a0 Revis\u00e3o do processo de atribui\u00e7\u00e3o de metas, com mais transpar\u00eancia e participa\u00e7\u00e3o dos envolvidos, e combate aos abusos.<\/p>\n<p>\u2022 \u00a0 \u00a0 \u00a0 \u00a0 \u00a0 \u00a0 Previ e Cassi para todos os funcion\u00e1rios, novos e incorporados de outras institui\u00e7\u00f5es.<\/p>\n<p>\u2022 \u00a0 \u00a0 \u00a0 \u00a0 \u00a0 \u00a0 Fomentar a valoriza\u00e7\u00e3o das trabalhadoras e trabalhadores, com a igualdade de oportunidades dentro do banco, independente de g\u00eanero, cor, idade, orienta\u00e7\u00e3o sexual ou escolha religiosa.<\/p>\n<p>\u2022 \u00a0 \u00a0 \u00a0 \u00a0 \u00a0 \u00a0 Cria\u00e7\u00e3o de comit\u00ea de diversidade e inclus\u00e3o vinculado \u00e0 Presid\u00eancia, com representantes dos funcion\u00e1rios.<\/p>\n<p>\u2022 \u00a0 \u00a0 \u00a0 \u00a0 \u00a0 \u00a0 Defender constantemente, em apoio aos sindicatos, a melhoria de sal\u00e1rios, direitos e demais benef\u00edcios do corpo funcional.<\/p>\n<p><strong>Fonte: Contraf-CUT<\/strong><\/p>\n","protected":false},"excerpt":{"rendered":"<p>\u00a0 Termina nesta quinta (26), \u00e0s 23h59, o primeiro turno da elei\u00e7\u00e3o para a Conselheira\/Conselheiro de Administra\u00e7\u00e3o Representante dos Funcion\u00e1rios (Caref), cargo para representar os funcion\u00e1rios no Conselho de Administra\u00e7\u00e3o (CA) do Banco do Brasil.\u00a0 A Confedera\u00e7\u00e3o Nacional dos Trabalhadores do Ramo Financeiro (Contraf-CUT) e a grande maioria dos sindicatos de banc\u00e1rios e entidades de [&hellip;]<\/p>\n","protected":false},"author":2,"featured_media":13623,"comment_status":"","ping_status":"","sticky":false,"template":"","format":"standard","meta":{"footnotes":""},"categories":[3],"tags":[],"class_list":["post-13624","post","type-post","status-publish","format-standard","has-post-thumbnail","hentry","category-noticias"],"_links":{"self":[{"href":"https:\/\/hostnetart.com.br\/baixada\/wp-json\/wp\/v2\/posts\/13624","targetHints":{"allow":["GET"]}}],"collection":[{"href":"https:\/\/hostnetart.com.br\/baixada\/wp-json\/wp\/v2\/posts"}],"about":[{"href":"https:\/\/hostnetart.com.br\/baixada\/wp-json\/wp\/v2\/types\/post"}],"author":[{"embeddable":true,"href":"https:\/\/hostnetart.com.br\/baixada\/wp-json\/wp\/v2\/users\/2"}],"replies":[{"embeddable":true,"href":"https:\/\/hostnetart.com.br\/baixada\/wp-json\/wp\/v2\/comments?post=13624"}],"version-history":[{"count":0,"href":"https:\/\/hostnetart.com.br\/baixada\/wp-json\/wp\/v2\/posts\/13624\/revisions"}],"wp:featuredmedia":[{"embeddable":true,"href":"https:\/\/hostnetart.com.br\/baixada\/wp-json\/wp\/v2\/media\/13623"}],"wp:attachment":[{"href":"https:\/\/hostnetart.com.br\/baixada\/wp-json\/wp\/v2\/media?parent=13624"}],"wp:term":[{"taxonomy":"category","embeddable":true,"href":"https:\/\/hostnetart.com.br\/baixada\/wp-json\/wp\/v2\/categories?post=13624"},{"taxonomy":"post_tag","embeddable":true,"href":"https:\/\/hostnetart.com.br\/baixada\/wp-json\/wp\/v2\/tags?post=13624"}],"curies":[{"name":"wp","href":"https:\/\/api.w.org\/{rel}","templated":true}]}}