{"id":1362,"date":"2014-06-11T00:00:00","date_gmt":"2014-06-11T03:00:00","guid":{"rendered":"https:\/\/hostnetart.com.br\/baixada\/bancos-sobem-juros-de-cheque-especial-que-atingem-media-de-8-2-ao-mes\/"},"modified":"2014-06-11T00:00:00","modified_gmt":"2014-06-11T03:00:00","slug":"bancos-sobem-juros-de-cheque-especial-que-atingem-media-de-8-2-ao-mes","status":"publish","type":"post","link":"https:\/\/hostnetart.com.br\/baixada\/bancos-sobem-juros-de-cheque-especial-que-atingem-media-de-8-2-ao-mes\/","title":{"rendered":"Bancos sobem juros de cheque especial que atingem m\u00e9dia de 8,2% ao m\u00eas"},"content":{"rendered":"<p>Os juros cobrados em empr\u00e9stimos e financiamentos concedidos aos consumidores subiram em maio e atingiram o maior n\u00edvel desde agosto de 2012. Foi a 12\u00aa alta seguida nas taxas, de acordo com a Associa\u00e7\u00e3o Nacional dos Executivos de Finan\u00e7as, Administra\u00e7\u00e3o e Contabilidade (Anefac).<\/p>\n<p>Segundo a Anefac, a taxa m\u00e9dia cobrada da pessoa f\u00edsica ficou em 5,98% ao m\u00eas, ou 100,76% ao ano. Em abril, a m\u00e9dia foi de 5,96% mensais (100,31% anuais). Os n\u00fameros s\u00e3o m\u00e9dias e variam de acordo com cada banco e cliente, havendo percentuais maiores e menores.<\/p>\n<p>Das seis linhas destinadas a pessoas f\u00edsicas que foram pesquisadas pela associa\u00e7\u00e3o, cinco tiveram eleva\u00e7\u00e3o.<\/p>\n<p>No cheque especial, a taxa m\u00e9dia, que era de 8,18% mensais em abril, ficou em 8,22% mensais em maio. Os juros cobrados do com\u00e9rcio passaram de 4,58% para 4,62% ao m\u00eas.<\/p>\n<p>Os juros m\u00e9dios cobrados no financiamento de autom\u00f3veis por meio do cr\u00e9dito direto ao consumidor tamb\u00e9m subiram. A taxa era de 1,78% ao m\u00eas e passou para 1,80% ao m\u00eas.<\/p>\n<p>No empr\u00e9stimo pessoal concedido pelos bancos, as taxas passaram de 3,40% para 3,41% mensais; no empr\u00e9stimo pessoal oferecido pelas financeiras, a m\u00e9dia saiu de 7,28% para 7,29% ao m\u00eas.<\/p>\n<p>A taxa cobrada no cart\u00e3o de cr\u00e9dito foi a \u00fanica que n\u00e3o subiu, permanecendo est\u00e1vel. Apesar disso, ela \u00e9 a mais alta entre as seis pesquisadas pela Anefac: 10,52% ao m\u00eas, ou 232,12% ao ano.<\/p>\n<p><strong>Juros do consumidor crescem em ritmo maior do que a Selic<\/strong><\/p>\n<p>De acordo com a pesquisa da Anefac, os juros cobrados do consumidor t\u00eam subido num ritmo bem mais r\u00e1pido do que a taxa b\u00e1sica de juros da economia, a Selic, que \u00e9 determinada pelo Banco Central.<\/p>\n<p>De mar\u00e7o de 2013 at\u00e9 agora, a Selic teve uma eleva\u00e7\u00e3o de 3,75 pontos percentuais, passando de 7,25% ao ano para 11% anuais.<\/p>\n<p>Nesse mesmo per\u00edodo, a taxa de juros m\u00e9dia para pessoa f\u00edsica apresentou uma eleva\u00e7\u00e3o de 12,79 pontos percentuais, de 87,97% para 100,76% ao ano.<\/p>\n<p><strong>Taxa cobrada das empresas tamb\u00e9m teve alta em maio<\/strong><\/p>\n<p>A Anefac tamb\u00e9m pesquisa os juros que as institui\u00e7\u00f5es financeiras cobram das empresas. Nesse caso, em maio, as tr\u00eas linhas pesquisadas (capital de giro, desconto de duplicatas e conta garantida) tiveram alta.<\/p>\n<p>Na m\u00e9dia, os juros cobrados da pessoa jur\u00eddica passaram 3,39% em abril para 3,41% ao m\u00eas em maio.<\/p>\n<p>Fonte: UOL<\/p>\n","protected":false},"excerpt":{"rendered":"<p>Os juros cobrados em empr\u00e9stimos e financiamentos concedidos aos consumidores subiram em maio e atingiram o maior n\u00edvel desde agosto de 2012. Foi a 12\u00aa alta seguida nas taxas, de acordo com a Associa\u00e7\u00e3o Nacional dos Executivos de Finan\u00e7as, Administra\u00e7\u00e3o e Contabilidade (Anefac). Segundo a Anefac, a taxa m\u00e9dia cobrada da pessoa f\u00edsica ficou em [&hellip;]<\/p>\n","protected":false},"author":1,"featured_media":0,"comment_status":"","ping_status":"","sticky":false,"template":"","format":"standard","meta":{"footnotes":""},"categories":[3],"tags":[],"class_list":["post-1362","post","type-post","status-publish","format-standard","hentry","category-noticias"],"_links":{"self":[{"href":"https:\/\/hostnetart.com.br\/baixada\/wp-json\/wp\/v2\/posts\/1362","targetHints":{"allow":["GET"]}}],"collection":[{"href":"https:\/\/hostnetart.com.br\/baixada\/wp-json\/wp\/v2\/posts"}],"about":[{"href":"https:\/\/hostnetart.com.br\/baixada\/wp-json\/wp\/v2\/types\/post"}],"author":[{"embeddable":true,"href":"https:\/\/hostnetart.com.br\/baixada\/wp-json\/wp\/v2\/users\/1"}],"replies":[{"embeddable":true,"href":"https:\/\/hostnetart.com.br\/baixada\/wp-json\/wp\/v2\/comments?post=1362"}],"version-history":[{"count":0,"href":"https:\/\/hostnetart.com.br\/baixada\/wp-json\/wp\/v2\/posts\/1362\/revisions"}],"wp:attachment":[{"href":"https:\/\/hostnetart.com.br\/baixada\/wp-json\/wp\/v2\/media?parent=1362"}],"wp:term":[{"taxonomy":"category","embeddable":true,"href":"https:\/\/hostnetart.com.br\/baixada\/wp-json\/wp\/v2\/categories?post=1362"},{"taxonomy":"post_tag","embeddable":true,"href":"https:\/\/hostnetart.com.br\/baixada\/wp-json\/wp\/v2\/tags?post=1362"}],"curies":[{"name":"wp","href":"https:\/\/api.w.org\/{rel}","templated":true}]}}