{"id":13618,"date":"2023-01-26T03:03:27","date_gmt":"2023-01-26T06:03:27","guid":{"rendered":"https:\/\/hostnetart.com.br\/baixada\/sindicato-dos-bancarios-da-baixada-fluminense-parabeniza-a-contraf-cut-pelos-seus-17-anos\/"},"modified":"2023-01-26T03:03:27","modified_gmt":"2023-01-26T06:03:27","slug":"sindicato-dos-bancarios-da-baixada-fluminense-parabeniza-a-contraf-cut-pelos-seus-17-anos","status":"publish","type":"post","link":"https:\/\/hostnetart.com.br\/baixada\/sindicato-dos-bancarios-da-baixada-fluminense-parabeniza-a-contraf-cut-pelos-seus-17-anos\/","title":{"rendered":"Sindicato dos Banc\u00e1rios da Baixada Fluminense parabeniza a Contraf-CUT pelos seus 17 anos"},"content":{"rendered":"<p>Nesta quinta-feira, 26 de janeiro, a\u00a0Confedera\u00e7\u00e3o Nacional dos Trabalhadores do Ramo Financeiro (Contraf-CUT) completa 17 anos de vida.<\/p>\n<p>E o Sindicato dos Banc\u00e1rios da Baixada Fluminense parabeniza a entidade, da qual \u00e9 filiada, pelo anivers\u00e1rio e pela hist\u00f3ria de lutas em defesa da categoria banc\u00e1ria.<\/p>\n<p><strong>FUNDA\u00c7\u00c3O<\/strong><\/p>\n<p style=\"text-align: justify;\">A Contraf-CUT \u00e9 resultado da luta e aprimoramento da organiza\u00e7\u00e3o sindical banc\u00e1ria e da retomada das entidades sindicais pelos trabalhadores, no in\u00edcio dos anos 1980.<\/p>\n<p>O primeiro passo para uma organiza\u00e7\u00e3o alternativa e, ao mesmo tempo, mais representativa ocorreu com a cria\u00e7\u00e3o do DNB (Departamento Nacional dos Banc\u00e1rios), em 1985, cuja atua\u00e7\u00e3o foi essencial para a primeira greve nacional (naquele ano) da categoria ap\u00f3s o regime militar.<\/p>\n<p>O DNB atuou at\u00e9 1992 quando foi substitu\u00eddo pela Confedera\u00e7\u00e3o Nacional dos Banc\u00e1rios (CNB-CUT) que, por sua vez, deu lugar \u00e0 Contraf-CUT, em 2006, e formalmente reconhecida pelo Minist\u00e9rio do Trabalho e Emprego em 24 de junho de 2008.<\/p>\n","protected":false},"excerpt":{"rendered":"<p>Nesta quinta-feira, 26 de janeiro, a\u00a0Confedera\u00e7\u00e3o Nacional dos Trabalhadores do Ramo Financeiro (Contraf-CUT) completa 17 anos de vida. E o Sindicato dos Banc\u00e1rios da Baixada Fluminense parabeniza a entidade, da qual \u00e9 filiada, pelo anivers\u00e1rio e pela hist\u00f3ria de lutas em defesa da categoria banc\u00e1ria. FUNDA\u00c7\u00c3O A Contraf-CUT \u00e9 resultado da luta e aprimoramento da [&hellip;]<\/p>\n","protected":false},"author":2,"featured_media":13617,"comment_status":"","ping_status":"","sticky":false,"template":"","format":"standard","meta":{"footnotes":""},"categories":[3],"tags":[],"class_list":["post-13618","post","type-post","status-publish","format-standard","has-post-thumbnail","hentry","category-noticias"],"_links":{"self":[{"href":"https:\/\/hostnetart.com.br\/baixada\/wp-json\/wp\/v2\/posts\/13618","targetHints":{"allow":["GET"]}}],"collection":[{"href":"https:\/\/hostnetart.com.br\/baixada\/wp-json\/wp\/v2\/posts"}],"about":[{"href":"https:\/\/hostnetart.com.br\/baixada\/wp-json\/wp\/v2\/types\/post"}],"author":[{"embeddable":true,"href":"https:\/\/hostnetart.com.br\/baixada\/wp-json\/wp\/v2\/users\/2"}],"replies":[{"embeddable":true,"href":"https:\/\/hostnetart.com.br\/baixada\/wp-json\/wp\/v2\/comments?post=13618"}],"version-history":[{"count":0,"href":"https:\/\/hostnetart.com.br\/baixada\/wp-json\/wp\/v2\/posts\/13618\/revisions"}],"wp:featuredmedia":[{"embeddable":true,"href":"https:\/\/hostnetart.com.br\/baixada\/wp-json\/wp\/v2\/media\/13617"}],"wp:attachment":[{"href":"https:\/\/hostnetart.com.br\/baixada\/wp-json\/wp\/v2\/media?parent=13618"}],"wp:term":[{"taxonomy":"category","embeddable":true,"href":"https:\/\/hostnetart.com.br\/baixada\/wp-json\/wp\/v2\/categories?post=13618"},{"taxonomy":"post_tag","embeddable":true,"href":"https:\/\/hostnetart.com.br\/baixada\/wp-json\/wp\/v2\/tags?post=13618"}],"curies":[{"name":"wp","href":"https:\/\/api.w.org\/{rel}","templated":true}]}}