{"id":13612,"date":"2023-01-24T14:48:11","date_gmt":"2023-01-24T17:48:11","guid":{"rendered":"https:\/\/hostnetart.com.br\/baixada\/trabalhadores-podem-usar-o-fgts-para-quitar-ate-seis-prestacoes-da-casa-propria\/"},"modified":"2023-01-24T14:48:11","modified_gmt":"2023-01-24T17:48:11","slug":"trabalhadores-podem-usar-o-fgts-para-quitar-ate-seis-prestacoes-da-casa-propria","status":"publish","type":"post","link":"https:\/\/hostnetart.com.br\/baixada\/trabalhadores-podem-usar-o-fgts-para-quitar-ate-seis-prestacoes-da-casa-propria\/","title":{"rendered":"Trabalhadores podem usar o FGTS para quitar at\u00e9 seis presta\u00e7\u00f5es da casa pr\u00f3pria"},"content":{"rendered":"<p>Trabalhadores que realizaram financiamento para aquisi\u00e7\u00e3o da casa pr\u00f3pria e est\u00e3o inadimplentes\u00a0podem, a partir deste ano, utilizar o\u00a0<a href=\"https:\/\/www.caixa.gov.br\/voce\/habitacao\/Paginas\/utilizacao-fgts.aspx\" target=\"_blank\" rel=\"noopener noreferrer\">Fundo de Garantia por Tempo de Servi\u00e7o (FGTS)<\/a>\u00a0para negociar at\u00e9 seis presta\u00e7\u00f5es em atraso.\u00a0<\/p>\n<p>A nova medida foi emitida pelo\u00a0<a href=\"https:\/\/www.fgts.gov.br\/Pages\/sobre-fgts\/conselho-fgts.aspx\" target=\"_blank\" rel=\"noopener noreferrer\">Conselho Curador do FGTS<\/a>\u00a0e n\u00e3o altera as demais regras de uso do Fundo que visam a aquisi\u00e7\u00e3o de im\u00f3veis pr\u00f3prios, como liquida\u00e7\u00e3o, amortiza\u00e7\u00e3o ou adiantamento de parte das parcelas.<\/p>\n<p>Para quitar as parcelas com o valor dispon\u00edvel do FGTS, o trabalhador deve contribuir para o Fundo por pelo menos tr\u00eas anos, de forma ininterrupta ou n\u00e3o.<\/p>\n<p>O interessado deve se dirigir ao banco em que realizou o financiamento da casa pr\u00f3pria e autorizar a movimenta\u00e7\u00e3o financeira do Fundo de Garantia. Cada parcela poder\u00e1 ser abatida em at\u00e9 80% do valor total.\u00a0<\/p>\n<p>Vale ressaltar que a medida s\u00f3 \u00e9 v\u00e1lida para aqueles trabalhadores que n\u00e3o tenham outro financiamento ativo no Sistema Financeiro de Habita\u00e7\u00e3o (SFH). Al\u00e9m disso, entram na negocia\u00e7\u00e3o os im\u00f3veis avaliados em at\u00e9 R$1,5 milh\u00e3o.\u00a0<\/p>\n<p>O trabalhador tamb\u00e9m n\u00e3o pode ter em seu nome outro im\u00f3vel que esteja situado no mesmo munic\u00edpio ou regi\u00e3o metropolitana em que ele vive ou trabalha.\u00a0<\/p>\n<p>Se o trabalhador j\u00e1 utilizou o saldo do FGTS para quitar outras presta\u00e7\u00f5es, ele n\u00e3o poder\u00e1 utilizar novamente o recurso, at\u00e9 que se passe dois anos da \u00faltima negocia\u00e7\u00e3o feita.\u00a0<\/p>\n<p>\u00c9 importante ressaltar que caso a medida n\u00e3o tivesse sido aprovada, em 2023, o FGTS s\u00f3 poderia servir para abater o valor de at\u00e9 tr\u00eas parcelas.\u00a0<\/p>\n<p>Segundo dados divulgados pelo Conselho Curador do FGTS, cerca de 80 mil trabalhadores possuem mais de tr\u00eas parcelas do financiamento da casa pr\u00f3pria em atraso e deste total, metade possui direito ao Fundo de Garantia.\u00a0<\/p>\n<p><strong>Fonte: Brasil de Fato<\/strong><\/p>\n","protected":false},"excerpt":{"rendered":"<p>Trabalhadores que realizaram financiamento para aquisi\u00e7\u00e3o da casa pr\u00f3pria e est\u00e3o inadimplentes\u00a0podem, a partir deste ano, utilizar o\u00a0Fundo de Garantia por Tempo de Servi\u00e7o (FGTS)\u00a0para negociar at\u00e9 seis presta\u00e7\u00f5es em atraso.\u00a0 A nova medida foi emitida pelo\u00a0Conselho Curador do FGTS\u00a0e n\u00e3o altera as demais regras de uso do Fundo que visam a aquisi\u00e7\u00e3o de im\u00f3veis [&hellip;]<\/p>\n","protected":false},"author":2,"featured_media":13611,"comment_status":"","ping_status":"","sticky":false,"template":"","format":"standard","meta":{"footnotes":""},"categories":[3],"tags":[],"class_list":["post-13612","post","type-post","status-publish","format-standard","has-post-thumbnail","hentry","category-noticias"],"_links":{"self":[{"href":"https:\/\/hostnetart.com.br\/baixada\/wp-json\/wp\/v2\/posts\/13612","targetHints":{"allow":["GET"]}}],"collection":[{"href":"https:\/\/hostnetart.com.br\/baixada\/wp-json\/wp\/v2\/posts"}],"about":[{"href":"https:\/\/hostnetart.com.br\/baixada\/wp-json\/wp\/v2\/types\/post"}],"author":[{"embeddable":true,"href":"https:\/\/hostnetart.com.br\/baixada\/wp-json\/wp\/v2\/users\/2"}],"replies":[{"embeddable":true,"href":"https:\/\/hostnetart.com.br\/baixada\/wp-json\/wp\/v2\/comments?post=13612"}],"version-history":[{"count":0,"href":"https:\/\/hostnetart.com.br\/baixada\/wp-json\/wp\/v2\/posts\/13612\/revisions"}],"wp:featuredmedia":[{"embeddable":true,"href":"https:\/\/hostnetart.com.br\/baixada\/wp-json\/wp\/v2\/media\/13611"}],"wp:attachment":[{"href":"https:\/\/hostnetart.com.br\/baixada\/wp-json\/wp\/v2\/media?parent=13612"}],"wp:term":[{"taxonomy":"category","embeddable":true,"href":"https:\/\/hostnetart.com.br\/baixada\/wp-json\/wp\/v2\/categories?post=13612"},{"taxonomy":"post_tag","embeddable":true,"href":"https:\/\/hostnetart.com.br\/baixada\/wp-json\/wp\/v2\/tags?post=13612"}],"curies":[{"name":"wp","href":"https:\/\/api.w.org\/{rel}","templated":true}]}}