{"id":13604,"date":"2023-01-23T19:25:17","date_gmt":"2023-01-23T22:25:17","guid":{"rendered":"https:\/\/hostnetart.com.br\/baixada\/abono-salarial-do-pis-pasep-comecam-a-ser-pagos-em-fevereiro\/"},"modified":"2023-01-23T19:25:17","modified_gmt":"2023-01-23T22:25:17","slug":"abono-salarial-do-pis-pasep-comecam-a-ser-pagos-em-fevereiro","status":"publish","type":"post","link":"https:\/\/hostnetart.com.br\/baixada\/abono-salarial-do-pis-pasep-comecam-a-ser-pagos-em-fevereiro\/","title":{"rendered":"Abono salarial do PIS\/Pasep come\u00e7am a ser pagos em fevereiro"},"content":{"rendered":"<p>Trabalhadores que possuem cadastro no\u00a0<a href=\"https:\/\/www.caixa.gov.br\/beneficios-trabalhador\/abono-salarial\/Paginas\/default.aspx#calendario\" target=\"_blank\" rel=\"noopener noreferrer\">Programa de Integra\u00e7\u00e3o Social<\/a>\u00a0e no\u00a0<a href=\"https:\/\/www.bb.com.br\/site\/setor-publico\/beneficios-sociais\/pasep\/\">Programa de Forma\u00e7\u00e3o do Patrim\u00f4nio do Servidor P\u00fablic<\/a>o (PIS\/PASEP) ou no\u00a0<a href=\"https:\/\/cnisnet.inss.gov.br\/cnisinternet\/faces\/pages\/perfil.xhtml\">Cadastro Nacional de Informa\u00e7\u00f5es Sociais (CNIS)<\/a>\u00a0h\u00e1 pelo menos cinco anos e que no ano de 2021 tenham recebido at\u00e9 dois sal\u00e1rios m\u00ednimos,\u00a0<a href=\"https:\/\/www.caixa.gov.br\/beneficios-trabalhador\/abono-salarial\/PAGINAS\/DEFAULT.ASPX\">ter\u00e3o direito ao abono salarial pago em 2023<\/a>. Os dep\u00f3sitos come\u00e7ar\u00e3o a ser realizados no dia 15 de fevereiro.\u00a0<\/p>\n<p>No total, cerca de 23,6 milh\u00f5es de brasileiros receber\u00e3o o valor de at\u00e9 um sal\u00e1rio m\u00ednimo, que funciona como o pagamento de um 14\u00ba sal\u00e1rio. O abono salarial \u00e9 proporcional aos meses trabalhados no ano base de 2021 e \u00e9 pago conforme o m\u00eas de anivers\u00e1rio do trabalhador. O dinheiro ficar\u00e1 dispon\u00edvel para saque at\u00e9 o dia 28 de dezembro deste ano.<\/p>\n<p class=\"ckeditor-img-caption\"><img decoding=\"async\" src=\"https:\/\/images03.brasildefato.com.br\/a3c7ff76580982b8df49c04b6a11b357.jpeg\" \/><br \/>O abono salarial \u00e9 pago conforme o m\u00eas de anivers\u00e1rio do trabalhador \/ Caixa Econ\u00f4mica Federal<\/p>\n<p>Para receber, o trabalhador deve ter exercido atividade remunerada com carteira assinada durante pelo menos 30 dias, consecutivos ou n\u00e3o. Al\u00e9m disso, deve ter seus dados corretamente informados pelo empregador na Rela\u00e7\u00e3o Anual de Informa\u00e7\u00f5es Sociais (RAIS)\/eSocial.<\/p>\n<p>Se voc\u00ea deseja calcular o valor a ser recebido, divida o valor do sal\u00e1rio m\u00ednimo por 12 e multiplique pelo n\u00famero de meses trabalhados. Por exemplo, se uma pessoa trabalhou por seis meses, dever\u00e1 receber o valor equivalente a metade do sal\u00e1rio m\u00ednimo com valor reajustado em 2023.\u00a0<\/p>\n<p>Aqueles trabalhadores contratados por empresas privadas e que s\u00e3o inseridos no Programa de Integra\u00e7\u00e3o Social (PIS) devem receber o valor por meio da sua conta corrente ou poupan\u00e7a na Caixa Econ\u00f4mica Federal. Trabalhadores da Administra\u00e7\u00e3o P\u00fablica receber\u00e3o pelo Banco do Brasil.\u00a0<\/p>\n<p>Outra forma de acessar o dinheiro \u00e9 por meio de dep\u00f3sito na\u00a0<a href=\"https:\/\/www.caixa.gov.br\/caixatem\/Paginas\/default.aspx\">conta digital Caixa Tem<\/a>. Trabalhadores que possuem o Cart\u00e3o Social poder\u00e3o sacar o valor em caixas eletr\u00f4nicos e casas Lot\u00e9ricas. A pessoa tamb\u00e9m pode ter acesso ao dinheiro\u00a0<a href=\"https:\/\/www.caixa.gov.br\/atendimento\/Paginas\/encontre-a-caixa.aspx\">indo at\u00e9 uma ag\u00eancia banc\u00e1ria<\/a>\u00a0e apresentando um documento oficial com foto.\u00a0<\/p>\n<p>Segundo o Minist\u00e9rio do Trabalho e Emprego, estima-se que mais de 24 bilh\u00f5es sejam investidos para pagar o benef\u00edcio, que tende a impactar positivamente a economia.\u00a0<\/p>\n<p>Em caso de d\u00favidas a Caixa disponibiliza canais de comunica\u00e7\u00e3o que podem ser acessados\u00a0<a href=\"https:\/\/api.whatsapp.com\/message\/RJHECWHY2ZVRH1?autoload=1&amp;app_absent=0\">por meio do Whatsapp<\/a>\u00a0ou ainda pelo telefone. Se voc\u00ea mora em Capitais e Regi\u00f5es Metropolitanas o n\u00famero \u00e9 4004 0 104. Para as demais regi\u00f5es ligue 0800 104 0 104.<\/p>\n<p><strong>Fonte: Brasil de Fato<\/strong><\/p>\n","protected":false},"excerpt":{"rendered":"<p>Trabalhadores que possuem cadastro no\u00a0Programa de Integra\u00e7\u00e3o Social\u00a0e no\u00a0Programa de Forma\u00e7\u00e3o do Patrim\u00f4nio do Servidor P\u00fablico (PIS\/PASEP) ou no\u00a0Cadastro Nacional de Informa\u00e7\u00f5es Sociais (CNIS)\u00a0h\u00e1 pelo menos cinco anos e que no ano de 2021 tenham recebido at\u00e9 dois sal\u00e1rios m\u00ednimos,\u00a0ter\u00e3o direito ao abono salarial pago em 2023. Os dep\u00f3sitos come\u00e7ar\u00e3o a ser realizados no dia [&hellip;]<\/p>\n","protected":false},"author":2,"featured_media":13603,"comment_status":"","ping_status":"","sticky":false,"template":"","format":"standard","meta":{"footnotes":""},"categories":[3],"tags":[],"class_list":["post-13604","post","type-post","status-publish","format-standard","has-post-thumbnail","hentry","category-noticias"],"_links":{"self":[{"href":"https:\/\/hostnetart.com.br\/baixada\/wp-json\/wp\/v2\/posts\/13604","targetHints":{"allow":["GET"]}}],"collection":[{"href":"https:\/\/hostnetart.com.br\/baixada\/wp-json\/wp\/v2\/posts"}],"about":[{"href":"https:\/\/hostnetart.com.br\/baixada\/wp-json\/wp\/v2\/types\/post"}],"author":[{"embeddable":true,"href":"https:\/\/hostnetart.com.br\/baixada\/wp-json\/wp\/v2\/users\/2"}],"replies":[{"embeddable":true,"href":"https:\/\/hostnetart.com.br\/baixada\/wp-json\/wp\/v2\/comments?post=13604"}],"version-history":[{"count":0,"href":"https:\/\/hostnetart.com.br\/baixada\/wp-json\/wp\/v2\/posts\/13604\/revisions"}],"wp:featuredmedia":[{"embeddable":true,"href":"https:\/\/hostnetart.com.br\/baixada\/wp-json\/wp\/v2\/media\/13603"}],"wp:attachment":[{"href":"https:\/\/hostnetart.com.br\/baixada\/wp-json\/wp\/v2\/media?parent=13604"}],"wp:term":[{"taxonomy":"category","embeddable":true,"href":"https:\/\/hostnetart.com.br\/baixada\/wp-json\/wp\/v2\/categories?post=13604"},{"taxonomy":"post_tag","embeddable":true,"href":"https:\/\/hostnetart.com.br\/baixada\/wp-json\/wp\/v2\/tags?post=13604"}],"curies":[{"name":"wp","href":"https:\/\/api.w.org\/{rel}","templated":true}]}}