{"id":13602,"date":"2023-01-23T19:02:44","date_gmt":"2023-01-23T22:02:44","guid":{"rendered":"https:\/\/hostnetart.com.br\/baixada\/bb-dipes-orienta-funcionarios-a-fazerem-declaracao-no-e-patri\/"},"modified":"2023-01-23T19:02:44","modified_gmt":"2023-01-23T22:02:44","slug":"bb-dipes-orienta-funcionarios-a-fazerem-declaracao-no-e-patri","status":"publish","type":"post","link":"https:\/\/hostnetart.com.br\/baixada\/bb-dipes-orienta-funcionarios-a-fazerem-declaracao-no-e-patri\/","title":{"rendered":"BB: Dipes orienta funcion\u00e1rios a fazerem declara\u00e7\u00e3o no e-Patri"},"content":{"rendered":"<p>A Diretoria de Gest\u00e3o e Cultura de Pessoas (Dipes) do Banco do Brasil enviou aos funcion\u00e1rios um comunicado confirmando que todos devem apresentar a declara\u00e7\u00e3o anual de Imposto de Renda Pessoa F\u00edsica (IRPF) ao Sistema eletr\u00f4nico de Informa\u00e7\u00f5es Patrimoniais e de Conflitos de Interesses (e-Patri).<\/p>\n<p>\u201cA mensagem foi encaminhada esta semana e significa, portanto, que todos os funcion\u00e1rios da administra\u00e7\u00e3o p\u00fablica, direta ou indiretamente, incluindo de empresas de economia mista como o BB, devem fazer a declara\u00e7\u00e3o ao e-Patri, que \u00e9 um sistema do governo federal que recebe declara\u00e7\u00f5es de agentes p\u00fablicos civis da administra\u00e7\u00e3o p\u00fablica federal\u201d, explicou a funcion\u00e1ria do BB e representante da Confedera\u00e7\u00e3o Nacional dos Trabalhadores do Ramo Financeiro (Contraf-CUT) na CEBB, Fernanda Lopes.<\/p>\n<p>\u201cA Controladoria Geral da Uni\u00e3o (CGU) deu in\u00edcio ao processo de envio de e-mail aos empregados do BB orientando sobre a apresenta\u00e7\u00e3o da Declara\u00e7\u00e3o de Bens e Rendas, referente aos anos-calend\u00e1rios 2020 e 2021, ao sistema e-Patri, com base no Decreto 10.571\/2020\u201d, escreveu a Dipes no comunicado, que vai acompanhado do endere\u00e7o do site do e-Patri (<strong><a href=\"https:\/\/www.gov.br\/cgu\/pt-br\/assuntos\/combate-a-corrupcao\/informacoes-estrategicas\/e-patri\" target=\"_blank\" rel=\"noopener noreferrer\">aqui<\/a><\/strong>), onde h\u00e1 instru\u00e7\u00f5es de como fazer a declara\u00e7\u00e3o.<\/p>\n<h3><strong>Entenda<\/strong><\/h3>\n<p>No dia 30 de junho de 2022 a CGU publicou no Di\u00e1rio Oficial da Uni\u00e3o a Instru\u00e7\u00e3o Normativa 8, determinando que os agentes federais devem apresentar as declara\u00e7\u00f5es anuais de bens e de situa\u00e7\u00f5es que possam gerar conflito de interesses via e-Patri.<\/p>\n<p>Na Instru\u00e7\u00e3o, a CGU diz que os trabalhadores poder\u00e3o optar por autorizar o acesso \u00e0s declara\u00e7\u00f5es de Imposto de Renda de Pessoa F\u00edsica, apresentadas \u00e0 Receita Federal, que seriam carregadas automaticamente no e-Patri. Al\u00e9m disso, o funcion\u00e1rio p\u00fablico deve fornecer \u00e0 Controladoria qualquer informa\u00e7\u00e3o que possa gerar conflito.<\/p>\n<p>Em meados de julho de 2022, os trabalhadores do Banco do Brasil come\u00e7aram a receber e-mails da entidade federal exigindo a declara\u00e7\u00e3o do IRPF ao e-Patri. Na ocasi\u00e3o, entidades do funcionalismo do BB questionaram a necessidade, uma vez que a exig\u00eancia para que agentes federais prestem declara\u00e7\u00e3o de bens pelo e-Patri \u00e9 baseada no Decreto n\u00ba 10.571, que deixava de fora da obriga\u00e7\u00e3o at\u00e9 mesmo os militares.<\/p>\n<p>Finalmente, nesta semana, a Dipes confirmou que os trabalhadores e trabalhadoras do BB devem cumprir a exig\u00eancia.<\/p>\n<p><strong>Fonte: Contraf-CUT<\/strong><\/p>\n","protected":false},"excerpt":{"rendered":"<p>A Diretoria de Gest\u00e3o e Cultura de Pessoas (Dipes) do Banco do Brasil enviou aos funcion\u00e1rios um comunicado confirmando que todos devem apresentar a declara\u00e7\u00e3o anual de Imposto de Renda Pessoa F\u00edsica (IRPF) ao Sistema eletr\u00f4nico de Informa\u00e7\u00f5es Patrimoniais e de Conflitos de Interesses (e-Patri). \u201cA mensagem foi encaminhada esta semana e significa, portanto, que [&hellip;]<\/p>\n","protected":false},"author":2,"featured_media":13601,"comment_status":"","ping_status":"","sticky":false,"template":"","format":"standard","meta":{"footnotes":""},"categories":[3],"tags":[],"class_list":["post-13602","post","type-post","status-publish","format-standard","has-post-thumbnail","hentry","category-noticias"],"_links":{"self":[{"href":"https:\/\/hostnetart.com.br\/baixada\/wp-json\/wp\/v2\/posts\/13602","targetHints":{"allow":["GET"]}}],"collection":[{"href":"https:\/\/hostnetart.com.br\/baixada\/wp-json\/wp\/v2\/posts"}],"about":[{"href":"https:\/\/hostnetart.com.br\/baixada\/wp-json\/wp\/v2\/types\/post"}],"author":[{"embeddable":true,"href":"https:\/\/hostnetart.com.br\/baixada\/wp-json\/wp\/v2\/users\/2"}],"replies":[{"embeddable":true,"href":"https:\/\/hostnetart.com.br\/baixada\/wp-json\/wp\/v2\/comments?post=13602"}],"version-history":[{"count":0,"href":"https:\/\/hostnetart.com.br\/baixada\/wp-json\/wp\/v2\/posts\/13602\/revisions"}],"wp:featuredmedia":[{"embeddable":true,"href":"https:\/\/hostnetart.com.br\/baixada\/wp-json\/wp\/v2\/media\/13601"}],"wp:attachment":[{"href":"https:\/\/hostnetart.com.br\/baixada\/wp-json\/wp\/v2\/media?parent=13602"}],"wp:term":[{"taxonomy":"category","embeddable":true,"href":"https:\/\/hostnetart.com.br\/baixada\/wp-json\/wp\/v2\/categories?post=13602"},{"taxonomy":"post_tag","embeddable":true,"href":"https:\/\/hostnetart.com.br\/baixada\/wp-json\/wp\/v2\/tags?post=13602"}],"curies":[{"name":"wp","href":"https:\/\/api.w.org\/{rel}","templated":true}]}}