{"id":13588,"date":"2023-01-18T14:02:07","date_gmt":"2023-01-18T17:02:07","guid":{"rendered":"https:\/\/hostnetart.com.br\/baixada\/movimento-sindical-bancario-apoia-kelly-quirino-para-o-caref-bb\/"},"modified":"2023-01-18T14:02:07","modified_gmt":"2023-01-18T17:02:07","slug":"movimento-sindical-bancario-apoia-kelly-quirino-para-o-caref-bb","status":"publish","type":"post","link":"https:\/\/hostnetart.com.br\/baixada\/movimento-sindical-bancario-apoia-kelly-quirino-para-o-caref-bb\/","title":{"rendered":"Movimento Sindical Banc\u00e1rio apoia Kelly Quirino para o Caref BB"},"content":{"rendered":"<p>Saiu a lista dos candidatos que disputam cargo para representar os funcion\u00e1rios no Conselho de Administra\u00e7\u00e3o (CA) do Banco do Brasil, o Caref.<\/p>\n<p>O primeiro turno da vota\u00e7\u00e3o ocorrer\u00e1 de 20 a 26 de janeiro e todos os funcion\u00e1rios da ativa podem participar, via sistema eletr\u00f4nico que ser\u00e1 disponibilizado pela empresa.<\/p>\n<p>O Movimento Sindical Banc\u00e1rio, como a Confedera\u00e7\u00e3o Nacional dos Trabalhadores do Ramo Financeiro (Contraf-CUT), a Federa\u00e7\u00e3o dos Trabalhadores do Ramo Financeiro dos Estados do Rio de Janeiro e Esp\u00edrito Santo (Fetraf-RJ\/ES) e a grande maioria dos sindicatos de banc\u00e1rios, apoiam a elei\u00e7\u00e3o de Kelly Quirino para o cargo, que tem como miss\u00e3o levar a vis\u00e3o, propostas e os questionamentos dos trabalhadores e trabalhadoras at\u00e9 a alta administra\u00e7\u00e3o do banco p\u00fablico.<\/p>\n<h3><strong>Quem \u00e9 Kelly Quirino<\/strong><\/h3>\n<p>Kelly \u00e9 banc\u00e1ria do BB h\u00e1 15 anos, atuou por 10 anos na Funda\u00e7\u00e3o BB e hoje trabalha na Diretoria de Marketing e Comunica\u00e7\u00e3o (Dimac) do banco. Al\u00e9m disso, \u00e9 pesquisadora associada ao Intercom nas \u00e1reas de jornalismo impresso e jornalismo especializado. Em 2020, foi eleita uma das 115 mulheres refer\u00eancia na luta antirracista no Brasil. \u00c9 doutora em Comunica\u00e7\u00e3o pela Universidade de Bras\u00edlia (UnB) e mestre em Comunica\u00e7\u00e3o Midi\u00e1tica pela Universidade Estadual Paulista J\u00falio de Mesquita Filho (Unesp).<\/p>\n<h3><strong>Plataforma da candidata<\/strong><\/h3>\n<p>A principal plataforma da candidata ao Caref \u00e9 a defesa do Banco do Brasil como institui\u00e7\u00e3o p\u00fablica, fortalecendo o BB como agente redutor das desigualdades. Kelly tamb\u00e9m defende a cria\u00e7\u00e3o de um comit\u00ea de Diversidade e Inclus\u00e3o, vinculado \u00e0 presid\u00eancia do banco, com representantes dos funcion\u00e1rios.<\/p>\n<p>Apesar de o Caref ser impedido, pela legisla\u00e7\u00e3o, de votar em pautas que envolvam quest\u00f5es funcionais no Conselho de Administra\u00e7\u00e3o, o cargo tem acesso garantido a relat\u00f3rios de auditorias, controladoria e das pr\u00f3prias discuss\u00f5es no conselho e pode colaborar nas a\u00e7\u00f5es para valoriza\u00e7\u00e3o das trabalhadoras e trabalhadores, com igualdade de oportunidades dentro do banco.<\/p>\n<p>\u201cNo CA a estrat\u00e9gia proposta definir\u00e1 os meios do seu alcance, a\u00ed estar\u00e1 nossa contribui\u00e7\u00e3o determinada a restabelecer uma gest\u00e3o humanizada e respeitosa para com as funcion\u00e1rias, funcion\u00e1rios e fornecedores do banco\u201d, explica Kelly que tamb\u00e9m pretende fomentar a valoriza\u00e7\u00e3o das trabalhadoras e trabalhadores com a igualdade de oportunidades dentro do banco, independente de g\u00eanero, cor, idade, orienta\u00e7\u00e3o sexual ou escolha religiosa. \u201cPrecisamos aumentar a nossa representatividade, inclusive com mais mulheres exercendo fun\u00e7\u00f5es do alto escal\u00e3o do BB\u201d, pondera.<\/p>\n<h3><strong>De olho nas datas<\/strong><\/h3>\n<p><strong>20\/01 a 26\/01:<\/strong>\u00a0vota\u00e7\u00e3o do 1\u00ba turno<br \/><strong>08\/02:<\/strong>\u00a0divulga\u00e7\u00e3o do resultado final do 1\u00ba turno<br \/><strong>24\/02 a 02\/03:<\/strong>\u00a0vota\u00e7\u00e3o do 2\u00ba turno<br \/><strong>10\/03:\u00a0<\/strong>resultado final e proclama\u00e7\u00e3o do eleito(a)<\/p>\n","protected":false},"excerpt":{"rendered":"<p>Saiu a lista dos candidatos que disputam cargo para representar os funcion\u00e1rios no Conselho de Administra\u00e7\u00e3o (CA) do Banco do Brasil, o Caref. O primeiro turno da vota\u00e7\u00e3o ocorrer\u00e1 de 20 a 26 de janeiro e todos os funcion\u00e1rios da ativa podem participar, via sistema eletr\u00f4nico que ser\u00e1 disponibilizado pela empresa. O Movimento Sindical Banc\u00e1rio, [&hellip;]<\/p>\n","protected":false},"author":2,"featured_media":13587,"comment_status":"","ping_status":"","sticky":false,"template":"","format":"standard","meta":{"footnotes":""},"categories":[3],"tags":[],"class_list":["post-13588","post","type-post","status-publish","format-standard","has-post-thumbnail","hentry","category-noticias"],"_links":{"self":[{"href":"https:\/\/hostnetart.com.br\/baixada\/wp-json\/wp\/v2\/posts\/13588","targetHints":{"allow":["GET"]}}],"collection":[{"href":"https:\/\/hostnetart.com.br\/baixada\/wp-json\/wp\/v2\/posts"}],"about":[{"href":"https:\/\/hostnetart.com.br\/baixada\/wp-json\/wp\/v2\/types\/post"}],"author":[{"embeddable":true,"href":"https:\/\/hostnetart.com.br\/baixada\/wp-json\/wp\/v2\/users\/2"}],"replies":[{"embeddable":true,"href":"https:\/\/hostnetart.com.br\/baixada\/wp-json\/wp\/v2\/comments?post=13588"}],"version-history":[{"count":0,"href":"https:\/\/hostnetart.com.br\/baixada\/wp-json\/wp\/v2\/posts\/13588\/revisions"}],"wp:featuredmedia":[{"embeddable":true,"href":"https:\/\/hostnetart.com.br\/baixada\/wp-json\/wp\/v2\/media\/13587"}],"wp:attachment":[{"href":"https:\/\/hostnetart.com.br\/baixada\/wp-json\/wp\/v2\/media?parent=13588"}],"wp:term":[{"taxonomy":"category","embeddable":true,"href":"https:\/\/hostnetart.com.br\/baixada\/wp-json\/wp\/v2\/categories?post=13588"},{"taxonomy":"post_tag","embeddable":true,"href":"https:\/\/hostnetart.com.br\/baixada\/wp-json\/wp\/v2\/tags?post=13588"}],"curies":[{"name":"wp","href":"https:\/\/api.w.org\/{rel}","templated":true}]}}