{"id":13586,"date":"2023-01-18T03:24:27","date_gmt":"2023-01-18T06:24:27","guid":{"rendered":"https:\/\/hostnetart.com.br\/baixada\/secretaria-geral-da-cut-e-dirigente-da-isp-vao-para-o-ministerio-das-mulheres\/"},"modified":"2023-01-18T03:24:27","modified_gmt":"2023-01-18T06:24:27","slug":"secretaria-geral-da-cut-e-dirigente-da-isp-vao-para-o-ministerio-das-mulheres","status":"publish","type":"post","link":"https:\/\/hostnetart.com.br\/baixada\/secretaria-geral-da-cut-e-dirigente-da-isp-vao-para-o-ministerio-das-mulheres\/","title":{"rendered":"Secret\u00e1ria-geral da CUT e dirigente da ISP v\u00e3o para o Minist\u00e9rio das Mulheres"},"content":{"rendered":"<p>A secret\u00e1ria-geral da CUT, Carmen Foro, vai integrar o Minist\u00e9rio das Mulheres do governo Lula. Al\u00e9m dela, foram escolhidas Denise Motta Dau, dirigente regional da Internacional de Servi\u00e7os P\u00fablicos (ISP), e Rosane Silva, que faz parte da executiva da CUT. O an\u00fancio da ministra Cida Gon\u00e7alves vem um dia depois da indica\u00e7\u00e3o de cinco mulheres para comandar a\u00a0<a href=\"https:\/\/www.redebrasilatual.com.br\/politica\/cinco-mulheres-comandam-transicao-para-virar-a-pagina-da-empresa-brasil-de-comunicacao\/\" target=\"_blank\" rel=\"noopener noreferrer\">transi\u00e7\u00e3o da Empresa Brasil de Comunica\u00e7\u00e3o<\/a>\u00a0(EBC). E tamb\u00e9m da posse da banc\u00e1ria de carreira Tarciana Medeiros para a\u00a0<a href=\"https:\/\/www.redebrasilatual.com.br\/economia\/tarciana-medeiros-presidenta-bb-diversidade-agricultura-familiar-empreendedores\/\">presid\u00eancia do Banco do Brasil<\/a>. Na semana passada, Rita Serrano assumiu o\u00a0<a href=\"https:\/\/www.redebrasilatual.com.br\/economia\/nova-presidenta-da-caixa-rita-serrano-defende-equilibrio-entre-operacao-comercial-e-inclusao-a-gestao-pelo-medo-acabou\/\" target=\"_blank\" rel=\"noopener noreferrer\">comando da Caixa Federal<\/a>.<\/p>\n<p>Trabalhadora rural, paraense de Moju, Carmen Foro ser\u00e1 a secret\u00e1ria de Articula\u00e7\u00e3o Institucional, A\u00e7\u00f5es Tem\u00e1ticas e Participa\u00e7\u00e3o Pol\u00edtica da pasta. Ela integra a diretoria da Federa\u00e7\u00e3o dos Trabalhadores na Agricultura do Par\u00e1 e da Contag, a confedera\u00e7\u00e3o nacional do setor. Antes de ser secret\u00e1ria-geral, foi vice-presidente da CUT. Em 2022, concorreu a uma vaga de deputada federal pelo PT-PA e recebeu 36.056 votos.<\/p>\n<h3>Setor de sa\u00fade<\/h3>\n<p>Secret\u00e1ria nacional de Enfrentamento \u00e0 Viol\u00eancia Contra Mulheres, Denise tamb\u00e9m foi diretora da central. Tem gradua\u00e7\u00e3o em Servi\u00e7o Social e mestrado em Sa\u00fade P\u00fablica. Na gest\u00e3o de Fernando Haddad como prefeito de S\u00e3o Paulo, foi secret\u00e1ria de Pol\u00edticas para as Mulheres. Dirigiu o Departamento de Gest\u00e3o e da Regula\u00e7\u00e3o do Trabalho, do Minist\u00e9rio da Sa\u00fade em 2011 e 2012 (governo Dilma Rousseff). Presidiu a Confedera\u00e7\u00e3o Nacional dos Trabalhadores em Seguridade Social (CNTSS).<\/p>\n<p>J\u00e1 Rosane, nascida em Formigueiro (RS), \u00e9 membro do diret\u00f3rio nacional do PT. Tamb\u00e9m no governo Dilma, foi assessora especial do gabinete do Minist\u00e9rio do Trabalho e Previd\u00eancia Social. Na CUT, comandou a Secretaria Nacional de Mulheres. Ela ser\u00e1 a secret\u00e1ria nacional de Autonomia Econ\u00f4mica.<\/p>\n<h3>Viol\u00eancia contra a mulher<\/h3>\n<p>Por sua vez, Maria Helena Guarezi ser\u00e1 a secret\u00e1ria-executiva do minist\u00e9rio. Tem especializa\u00e7\u00f5es em Pedagogia e Gest\u00e3o Social\/Desenvolvimento Sustent\u00e1vel. Foi professora durante 25 anos e participou, como consultora, da Comiss\u00e3o de Estudos sobre a Viol\u00eancia de G\u00eanero da Ordem dos Advogados do Brasil no Paran\u00e1 (OAB-PR). Tamb\u00e9m integrou o Conselho Estadual da Mulher.<\/p>\n<p>O Minist\u00e9rio das Mulheres \u00e9 comandado por Cida Gon\u00e7alves, ativista h\u00e1 d\u00e9cadas. Natural de Clementina (SP), iniciou a trajet\u00f3ria pol\u00edtica em Campo Grande, na mobiliza\u00e7\u00e3o das mulheres. Assim, ajudou a criar a Central dos Movimentos Populares (CMP). Nos governos Lula e Dilma, foi secret\u00e1ria Nacional de Enfrentamento \u00e0 Viol\u00eancia contra as Mulheres.<\/p>\n<hr class=\"wp-block-separator has-alpha-channel-opacity is-style-wide\" \/>\n<h4>Al\u00e9m de crescer a participa\u00e7\u00e3o em postos de destaque no segundo escal\u00e3o, m<strong>ulheres comandam 11 dos\u00a0<a href=\"https:\/\/gabinetedatransicao.com.br\/noticias\/saiba-quem-sao-os-ministros-e-as-ministras-do-governo-lula\/\" target=\"_blank\" rel=\"noopener noreferrer\">37 minist\u00e9rios<\/a>\u00a0de Lula. Confira quais:<\/strong><\/h4>\n<ul>\n<li><strong>Esportes:\u00a0<\/strong><a href=\"https:\/\/www.redebrasilatual.com.br\/politica\/ana-moser-esporte\/\" target=\"_blank\" rel=\"noopener noreferrer\">Ana Moser<\/a><\/li>\n<li><strong>Turismo:\u00a0<\/strong>Daniela Carneiro (Uni\u00e3o Brasil)<\/li>\n<li><strong>Gest\u00e3o:\u00a0<\/strong><a href=\"https:\/\/www.redebrasilatual.com.br\/trabalho\/esther-dweck-quer-manter-negociacao-permanente-com-servidores-publicos\/\" target=\"_blank\" rel=\"noopener noreferrer\">Esther Dweck<\/a><\/li>\n<li><strong>Ci\u00eancia e Tecnologia:\u00a0<\/strong><a href=\"https:\/\/www.redebrasilatual.com.br\/saude-e-ciencia\/primeira-mulher-na-ciencia-tecnologia-e-inovacao-luciana-santos-promete-fazer-valer-o-fato-historico\/\" target=\"_blank\" rel=\"noopener noreferrer\">Luciana Santos<\/a>\u00a0(PCdoB)<\/li>\n<li><strong>Planejamento:\u00a0<\/strong><a href=\"https:\/\/www.redebrasilatual.com.br\/economia\/simone-tebet-cita-divergencias-na-area-economica-do-governo-mas-e-na-diferenca-que-vamos-somar-diz\/\" target=\"_blank\" rel=\"noopener noreferrer\">Simone Tebet<\/a>\u00a0(MDB)<\/li>\n<li><strong>Sa\u00fade:\u00a0<\/strong><a href=\"https:\/\/www.redebrasilatual.com.br\/politica\/lula-confirma-nisia-trindade-na-saude-conheca-a-futura-ministra\/\" target=\"_blank\" rel=\"noopener noreferrer\">N\u00edsia Trindade<\/a><\/li>\n<li><strong>Igualdade Racial:\u00a0<\/strong><a href=\"https:\/\/www.redebrasilatual.com.br\/cidadania\/anielle-franco-e-sonia-guajajara-tomam-posse-com-lula-governo-responde-a-violencia-dando-voz-a-indigenas-e-negros-assista\/\" target=\"_blank\" rel=\"noopener noreferrer\">Anielle Franco<\/a><\/li>\n<li><strong>Povos Ind\u00edgenas:\u00a0<\/strong><a href=\"https:\/\/www.redebrasilatual.com.br\/politica\/deputada-eleita-sonia-guajajara-sera-ministra-dos-povos-indigenas\/\" target=\"_blank\" rel=\"noopener noreferrer\">S\u00f4nia Guajajara<\/a>\u00a0(PSOL)<\/li>\n<li><strong>Mulheres:<\/strong>\u00a0<a href=\"https:\/\/www.redebrasilatual.com.br\/cidadania\/cida-goncalves-anuncia-retomada-da-casa-da-mulher-brasileira-e-combate-a-desigualdade-salarial\/\" target=\"_blank\" rel=\"noopener noreferrer\">Cida Gon\u00e7alves<\/a>\u00a0(PT)<\/li>\n<li><strong>Cultura:\u00a0<\/strong><a href=\"https:\/\/www.redebrasilatual.com.br\/cultura\/margareth-menezes-assume-retomada-do-ministerio-da-cultura-nos-merecemos\/\" target=\"_blank\" rel=\"noopener noreferrer\">Margareth Menezes<\/a><\/li>\n<li><strong>Meio Ambiente e Mudan\u00e7as Clim\u00e1ticas:\u00a0<\/strong><a href=\"https:\/\/www.redebrasilatual.com.br\/ambiente\/boiadas-marina-silva-politicas-publicas-e-agenda-ambiental-governo\/\" target=\"_blank\" rel=\"noopener noreferrer\">Marina Silva<\/a>\u00a0(Rede)<\/li>\n<\/ul>\n<p><strong>Fonte: Rede Brasil Atual<\/strong><\/p>\n","protected":false},"excerpt":{"rendered":"<p>A secret\u00e1ria-geral da CUT, Carmen Foro, vai integrar o Minist\u00e9rio das Mulheres do governo Lula. Al\u00e9m dela, foram escolhidas Denise Motta Dau, dirigente regional da Internacional de Servi\u00e7os P\u00fablicos (ISP), e Rosane Silva, que faz parte da executiva da CUT. O an\u00fancio da ministra Cida Gon\u00e7alves vem um dia depois da indica\u00e7\u00e3o de cinco mulheres [&hellip;]<\/p>\n","protected":false},"author":2,"featured_media":13585,"comment_status":"","ping_status":"","sticky":false,"template":"","format":"standard","meta":{"footnotes":""},"categories":[3],"tags":[],"class_list":["post-13586","post","type-post","status-publish","format-standard","has-post-thumbnail","hentry","category-noticias"],"_links":{"self":[{"href":"https:\/\/hostnetart.com.br\/baixada\/wp-json\/wp\/v2\/posts\/13586","targetHints":{"allow":["GET"]}}],"collection":[{"href":"https:\/\/hostnetart.com.br\/baixada\/wp-json\/wp\/v2\/posts"}],"about":[{"href":"https:\/\/hostnetart.com.br\/baixada\/wp-json\/wp\/v2\/types\/post"}],"author":[{"embeddable":true,"href":"https:\/\/hostnetart.com.br\/baixada\/wp-json\/wp\/v2\/users\/2"}],"replies":[{"embeddable":true,"href":"https:\/\/hostnetart.com.br\/baixada\/wp-json\/wp\/v2\/comments?post=13586"}],"version-history":[{"count":0,"href":"https:\/\/hostnetart.com.br\/baixada\/wp-json\/wp\/v2\/posts\/13586\/revisions"}],"wp:featuredmedia":[{"embeddable":true,"href":"https:\/\/hostnetart.com.br\/baixada\/wp-json\/wp\/v2\/media\/13585"}],"wp:attachment":[{"href":"https:\/\/hostnetart.com.br\/baixada\/wp-json\/wp\/v2\/media?parent=13586"}],"wp:term":[{"taxonomy":"category","embeddable":true,"href":"https:\/\/hostnetart.com.br\/baixada\/wp-json\/wp\/v2\/categories?post=13586"},{"taxonomy":"post_tag","embeddable":true,"href":"https:\/\/hostnetart.com.br\/baixada\/wp-json\/wp\/v2\/tags?post=13586"}],"curies":[{"name":"wp","href":"https:\/\/api.w.org\/{rel}","templated":true}]}}