{"id":13582,"date":"2023-01-17T13:49:39","date_gmt":"2023-01-17T16:49:39","guid":{"rendered":"https:\/\/hostnetart.com.br\/baixada\/movimento-sindical-ressalta-defesa-dos-empregados-da-caixa\/"},"modified":"2023-01-17T13:49:39","modified_gmt":"2023-01-17T16:49:39","slug":"movimento-sindical-ressalta-defesa-dos-empregados-da-caixa","status":"publish","type":"post","link":"https:\/\/hostnetart.com.br\/baixada\/movimento-sindical-ressalta-defesa-dos-empregados-da-caixa\/","title":{"rendered":"Movimento sindical ressalta defesa dos empregados da Caixa"},"content":{"rendered":"<p>Representantes da Confedera\u00e7\u00e3o Nacional dos Trabalhadores do Ramo Financeiro da CUT (Contraf-CUT), da Federa\u00e7\u00e3o Nacional das Associa\u00e7\u00f5es do Pessoal da Caixa (Fenae) e de outras entidades de representa\u00e7\u00e3o e associativas das empregadas e empregados da Caixa Econ\u00f4mica Federal, entregaram, nesta sexta-feira (13), \u00e0 nova presidenta do banco, Maria Rita Serrano, um documento com sugest\u00f5es de a\u00e7\u00f5es que consideram como primordiais para melhorar as condi\u00e7\u00f5es de trabalho dos empregados. A deputada federal Erika Kokay (PT\/DF) tamb\u00e9m participou do ato de entrega do documento.<\/p>\n<p>No texto, as entidades exaltaram o trabalho dos empregados, especialmente durante o pagamento do aux\u00edlio emergencial, e condenaram as condi\u00e7\u00f5es a que foram submetidos durante a administra\u00e7\u00e3o de Pedro Guimar\u00e3es. \u201c\u00c9 preciso resgatar um modelo de gest\u00e3o de pessoas humanizado, que valorize e que reconhe\u00e7a a import\u00e2ncia do maior ativo do banco p\u00fablico: o Pessoal da Caixa\u201d, diz um trecho do documento.<\/p>\n<p>\u201cConhecemos os enormes desafios que Rita Serrano vai enfrentar para devolver uma Caixa humanizada para os empregados e para fazer o banco voltar a ter o papel social imprescind\u00edvel para reconstru\u00e7\u00e3o do pa\u00eds, mas nos colocamos \u00e0 disposi\u00e7\u00e3o para contribuir neste processo\u201d, disse o presidente da Fenae, Sergio Takemoto.<\/p>\n<p>Entre as a\u00e7\u00f5es sugeridas pelas entidades, est\u00e3o a reestrutura\u00e7\u00e3o da Vice-Presid\u00eancia de Pessoas; a elabora\u00e7\u00e3o de pol\u00edticas que busquem o fim da cultura de ass\u00e9dio e a revis\u00e3o da pol\u00edtica de metas, que hoje \u00e9 extremamente abusiva.<\/p>\n<p>Na ocasi\u00e3o, Rita informou que vai recriar a vice-presid\u00eancia de Pessoas e reavaliar a quest\u00e3o do Caixa e Tesoureiro minuto, al\u00e9m de fortalecer os Processos de Sele\u00e7\u00e3o Internos (PSI). A nova presidenta da Caixa tamb\u00e9m anunciou a mudan\u00e7a nas substitui\u00e7\u00f5es por motivo de f\u00e9rias. Agora, ser\u00e1 poss\u00edvel lan\u00e7ar no sistema afastamentos igual ou superior a cinco dias.<\/p>\n<p>Al\u00e9m da Contraf-CUT e da Fenae, assinaram o documento a Associa\u00e7\u00e3o Nacional dos Advogados da Caixa Econ\u00f4mica Federal (Advocef), Associa\u00e7\u00e3o Nacional dos Engenheiros e Arquitetos da Caixa Econ\u00f4mica Federal (Aneac), a Federa\u00e7\u00e3o Nacional das Associa\u00e7\u00f5es dos Gestores da Caixa (Fenag) e o Sindicato dos Banc\u00e1rios de Bras\u00edlia (Seeb\/DF).<\/p>\n<p><strong>Fonte:<\/strong>\u00a0<a href=\"https:\/\/www.fenae.org.br\/portal\/fenae-portal\/fenae-e-entidades-entregam-documento-em-defesa-dos-empregados-a-rita-serrano.htm\" target=\"_blank\" rel=\"noopener noreferrer\">Fenae<\/a>, com edi\u00e7\u00f5es da Contraf-CUT<\/p>\n","protected":false},"excerpt":{"rendered":"<p>Representantes da Confedera\u00e7\u00e3o Nacional dos Trabalhadores do Ramo Financeiro da CUT (Contraf-CUT), da Federa\u00e7\u00e3o Nacional das Associa\u00e7\u00f5es do Pessoal da Caixa (Fenae) e de outras entidades de representa\u00e7\u00e3o e associativas das empregadas e empregados da Caixa Econ\u00f4mica Federal, entregaram, nesta sexta-feira (13), \u00e0 nova presidenta do banco, Maria Rita Serrano, um documento com sugest\u00f5es de [&hellip;]<\/p>\n","protected":false},"author":2,"featured_media":13581,"comment_status":"","ping_status":"","sticky":false,"template":"","format":"standard","meta":{"footnotes":""},"categories":[3],"tags":[],"class_list":["post-13582","post","type-post","status-publish","format-standard","has-post-thumbnail","hentry","category-noticias"],"_links":{"self":[{"href":"https:\/\/hostnetart.com.br\/baixada\/wp-json\/wp\/v2\/posts\/13582","targetHints":{"allow":["GET"]}}],"collection":[{"href":"https:\/\/hostnetart.com.br\/baixada\/wp-json\/wp\/v2\/posts"}],"about":[{"href":"https:\/\/hostnetart.com.br\/baixada\/wp-json\/wp\/v2\/types\/post"}],"author":[{"embeddable":true,"href":"https:\/\/hostnetart.com.br\/baixada\/wp-json\/wp\/v2\/users\/2"}],"replies":[{"embeddable":true,"href":"https:\/\/hostnetart.com.br\/baixada\/wp-json\/wp\/v2\/comments?post=13582"}],"version-history":[{"count":0,"href":"https:\/\/hostnetart.com.br\/baixada\/wp-json\/wp\/v2\/posts\/13582\/revisions"}],"wp:featuredmedia":[{"embeddable":true,"href":"https:\/\/hostnetart.com.br\/baixada\/wp-json\/wp\/v2\/media\/13581"}],"wp:attachment":[{"href":"https:\/\/hostnetart.com.br\/baixada\/wp-json\/wp\/v2\/media?parent=13582"}],"wp:term":[{"taxonomy":"category","embeddable":true,"href":"https:\/\/hostnetart.com.br\/baixada\/wp-json\/wp\/v2\/categories?post=13582"},{"taxonomy":"post_tag","embeddable":true,"href":"https:\/\/hostnetart.com.br\/baixada\/wp-json\/wp\/v2\/tags?post=13582"}],"curies":[{"name":"wp","href":"https:\/\/api.w.org\/{rel}","templated":true}]}}