{"id":1358,"date":"2014-06-09T00:00:00","date_gmt":"2014-06-09T03:00:00","guid":{"rendered":"https:\/\/hostnetart.com.br\/baixada\/bancarios-do-bb-e-da-caixa-aprovam-pautas-especificas-de-reivindicacoes\/"},"modified":"2014-06-09T00:00:00","modified_gmt":"2014-06-09T03:00:00","slug":"bancarios-do-bb-e-da-caixa-aprovam-pautas-especificas-de-reivindicacoes","status":"publish","type":"post","link":"https:\/\/hostnetart.com.br\/baixada\/bancarios-do-bb-e-da-caixa-aprovam-pautas-especificas-de-reivindicacoes\/","title":{"rendered":"Banc\u00e1rios do BB e da Caixa aprovam pautas espec\u00edficas de reivindica\u00e7\u00f5es"},"content":{"rendered":"<p>Os banc\u00e1rios do Banco do Brasil e da Caixa Econ\u00f4mica Federal aprovaram neste domingo 8, em congressos nacionais realizados em S\u00e3o Paulo, as pautas espec\u00edficas de reivindica\u00e7\u00f5es da Campanha Nacional de 2014. Os encontros aconteceram no mesmo hotel, o Holiday Inn, mas em espa\u00e7os distintos.<\/p>\n<p>Participaram do 30\u00ba Congresso Nacional dos Empregados da Caixa (Conecef) 360 delegados de todo o pa\u00eds, sendo 230 homens e 130 mulheres. Ao 25\u00ba Congresso dos Funcion\u00e1rios do BB compareceram 306 representantes de todas as regi\u00f5es, dos quais 216 homens e 90 mulheres.<\/p>\n<p>Depois de definirem as demandas espec\u00edficas, os trabalhadores do BB e da Caixa se juntar\u00e3o aos delegados dos demais bancos na 16\u00aa Confer\u00eancia Nacional dos Banc\u00e1rios, que entre 25 e 27 de julho aprovar\u00e3o a pauta geral de reivindica\u00e7\u00f5es da Campanha 2014.<\/p>\n<p>\u201cOs companheiros e as companheiras do BB e da Caixa deram um grande exemplo de participa\u00e7\u00e3o democr\u00e1tica e demonstra\u00e7\u00e3o de unidade para toda a categoria banc\u00e1ria, sinalizando para uma Campanha Nacional com forte mobiliza\u00e7\u00e3o e unidade no segundo semestre\u201d, elogia Carlos Cordeiro, presidente da Contraf-CUT.<\/p>\n<p><a href=\"http:\/\/www.contrafcut.org.br\/noticias.asp?CodNoticia=38595\" target=\"_blank\" rel=\"noopener noreferrer\">Veja aqui<\/a>\u00a0como foi o 25\u00ba Congresso dos Funcion\u00e1rios do BB.<\/p>\n<p>E\u00a0<a href=\"http:\/\/www.contrafcut.org.br\/noticias.asp?CodNoticia=38593\" target=\"_blank\" rel=\"noopener noreferrer\">saiba aqui\u00a0<\/a>como foi o 30\u00ba Conecef.<\/p>\n<p><em>Rede de Comunica\u00e7\u00e3o dos Banc\u00e1rios<\/em><\/p>\n<p>Fonte: Contraf-CUT com Fenae<\/p>\n","protected":false},"excerpt":{"rendered":"<p>Os banc\u00e1rios do Banco do Brasil e da Caixa Econ\u00f4mica Federal aprovaram neste domingo 8, em congressos nacionais realizados em S\u00e3o Paulo, as pautas espec\u00edficas de reivindica\u00e7\u00f5es da Campanha Nacional de 2014. Os encontros aconteceram no mesmo hotel, o Holiday Inn, mas em espa\u00e7os distintos. Participaram do 30\u00ba Congresso Nacional dos Empregados da Caixa (Conecef) [&hellip;]<\/p>\n","protected":false},"author":1,"featured_media":0,"comment_status":"","ping_status":"","sticky":false,"template":"","format":"standard","meta":{"footnotes":""},"categories":[3],"tags":[],"class_list":["post-1358","post","type-post","status-publish","format-standard","hentry","category-noticias"],"_links":{"self":[{"href":"https:\/\/hostnetart.com.br\/baixada\/wp-json\/wp\/v2\/posts\/1358","targetHints":{"allow":["GET"]}}],"collection":[{"href":"https:\/\/hostnetart.com.br\/baixada\/wp-json\/wp\/v2\/posts"}],"about":[{"href":"https:\/\/hostnetart.com.br\/baixada\/wp-json\/wp\/v2\/types\/post"}],"author":[{"embeddable":true,"href":"https:\/\/hostnetart.com.br\/baixada\/wp-json\/wp\/v2\/users\/1"}],"replies":[{"embeddable":true,"href":"https:\/\/hostnetart.com.br\/baixada\/wp-json\/wp\/v2\/comments?post=1358"}],"version-history":[{"count":0,"href":"https:\/\/hostnetart.com.br\/baixada\/wp-json\/wp\/v2\/posts\/1358\/revisions"}],"wp:attachment":[{"href":"https:\/\/hostnetart.com.br\/baixada\/wp-json\/wp\/v2\/media?parent=1358"}],"wp:term":[{"taxonomy":"category","embeddable":true,"href":"https:\/\/hostnetart.com.br\/baixada\/wp-json\/wp\/v2\/categories?post=1358"},{"taxonomy":"post_tag","embeddable":true,"href":"https:\/\/hostnetart.com.br\/baixada\/wp-json\/wp\/v2\/tags?post=1358"}],"curies":[{"name":"wp","href":"https:\/\/api.w.org\/{rel}","templated":true}]}}