{"id":13578,"date":"2023-01-17T03:54:46","date_gmt":"2023-01-17T06:54:46","guid":{"rendered":"https:\/\/hostnetart.com.br\/baixada\/tarciana-medeiros-toma-posse-como-presidente-do-banco-do-brasil\/"},"modified":"2023-01-17T03:54:46","modified_gmt":"2023-01-17T06:54:46","slug":"tarciana-medeiros-toma-posse-como-presidente-do-banco-do-brasil","status":"publish","type":"post","link":"https:\/\/hostnetart.com.br\/baixada\/tarciana-medeiros-toma-posse-como-presidente-do-banco-do-brasil\/","title":{"rendered":"Tarciana Medeiros toma posse como presidente do Banco do Brasil"},"content":{"rendered":"<p>Tarciana Medeiros tomou posse nesta segunda-feira (16) como presidente do Banco do Brasil. Ela substitui o administrador Fausto Ribeiro, indicado pelo governo Bolsonaro. A cerim\u00f4nia de posse aconteceu no teatro do Centro Cultural Banco do Brasil (CCBB), em Bras\u00edlia, e contou com a presen\u00e7a do presidente Luiz In\u00e1cio Lula da Silva (PT).<\/p>\n<p>\u00c9 a primeira vez que uma mulher vai presidir a institui\u00e7\u00e3o financeira em mais de 200 anos de hist\u00f3ria do Banco.<\/p>\n<p>Medeiros foi escolhida pelo pr\u00f3prio presidente Lula para comandar o banco. A servidora Rita Serrano ser\u00e1 a presidente da Caixa Econ\u00f4mica Federal, ela tomou posse na \u00faltima quinta-feira (12).<\/p>\n<p>O Banco do Brasil \u00e9 vinculado ao Minist\u00e9rio da Fazenda, pasta que \u00e9 comandada por Fernando Haddad.<\/p>\n<p>Tarciana Paula Gomes Medeiros, 44, nasceu em Campina Grande (PB), ela entrou como servidora do BBB em 2000.<\/p>\n<p>\u00c9 bacharel em Administra\u00e7\u00e3o de Empresas e p\u00f3s-graduada em Administra\u00e7\u00e3o, Neg\u00f3cios e Marketing. Tem MBA em BI e Analytics, e forma\u00e7\u00e3o do Banco do Brasil para atua\u00e7\u00e3o em cargos de alta gest\u00e3o executiva.<\/p>\n<p>Medeiros assumiu o primeiro cargo de gest\u00e3o no banco em 2002. Desde o ano passado, ela \u00e9 executiva na Diretoria de Clientes PF e MPE e na Ger\u00eancia Executiva de Ciclos de Relacionamento com Clientes, na qual \u00e9 respons\u00e1vel pelo B-Commerce da institui\u00e7\u00e3o.<\/p>\n<p><strong>Fonte: Uol<\/strong><\/p>\n","protected":false},"excerpt":{"rendered":"<p>Tarciana Medeiros tomou posse nesta segunda-feira (16) como presidente do Banco do Brasil. Ela substitui o administrador Fausto Ribeiro, indicado pelo governo Bolsonaro. A cerim\u00f4nia de posse aconteceu no teatro do Centro Cultural Banco do Brasil (CCBB), em Bras\u00edlia, e contou com a presen\u00e7a do presidente Luiz In\u00e1cio Lula da Silva (PT). \u00c9 a primeira [&hellip;]<\/p>\n","protected":false},"author":2,"featured_media":13577,"comment_status":"","ping_status":"","sticky":false,"template":"","format":"standard","meta":{"footnotes":""},"categories":[3],"tags":[],"class_list":["post-13578","post","type-post","status-publish","format-standard","has-post-thumbnail","hentry","category-noticias"],"_links":{"self":[{"href":"https:\/\/hostnetart.com.br\/baixada\/wp-json\/wp\/v2\/posts\/13578","targetHints":{"allow":["GET"]}}],"collection":[{"href":"https:\/\/hostnetart.com.br\/baixada\/wp-json\/wp\/v2\/posts"}],"about":[{"href":"https:\/\/hostnetart.com.br\/baixada\/wp-json\/wp\/v2\/types\/post"}],"author":[{"embeddable":true,"href":"https:\/\/hostnetart.com.br\/baixada\/wp-json\/wp\/v2\/users\/2"}],"replies":[{"embeddable":true,"href":"https:\/\/hostnetart.com.br\/baixada\/wp-json\/wp\/v2\/comments?post=13578"}],"version-history":[{"count":0,"href":"https:\/\/hostnetart.com.br\/baixada\/wp-json\/wp\/v2\/posts\/13578\/revisions"}],"wp:featuredmedia":[{"embeddable":true,"href":"https:\/\/hostnetart.com.br\/baixada\/wp-json\/wp\/v2\/media\/13577"}],"wp:attachment":[{"href":"https:\/\/hostnetart.com.br\/baixada\/wp-json\/wp\/v2\/media?parent=13578"}],"wp:term":[{"taxonomy":"category","embeddable":true,"href":"https:\/\/hostnetart.com.br\/baixada\/wp-json\/wp\/v2\/categories?post=13578"},{"taxonomy":"post_tag","embeddable":true,"href":"https:\/\/hostnetart.com.br\/baixada\/wp-json\/wp\/v2\/tags?post=13578"}],"curies":[{"name":"wp","href":"https:\/\/api.w.org\/{rel}","templated":true}]}}