{"id":13576,"date":"2023-01-16T16:02:29","date_gmt":"2023-01-16T19:02:29","guid":{"rendered":"https:\/\/hostnetart.com.br\/baixada\/veja-como-votar-na-eleicao-para-o-conselho-de-usuarios-do-saude-caixa\/"},"modified":"2023-01-16T16:02:29","modified_gmt":"2023-01-16T19:02:29","slug":"veja-como-votar-na-eleicao-para-o-conselho-de-usuarios-do-saude-caixa","status":"publish","type":"post","link":"https:\/\/hostnetart.com.br\/baixada\/veja-como-votar-na-eleicao-para-o-conselho-de-usuarios-do-saude-caixa\/","title":{"rendered":"Veja como votar na elei\u00e7\u00e3o para o Conselho de Usu\u00e1rios do Sa\u00fade Caixa"},"content":{"rendered":"<p>Empregadas e empregados da Caixa Econ\u00f4mica Federal escolher\u00e3o, entre 16 e 20 de janeiro, seus representantes no Conselho de Usu\u00e1rios do Sa\u00fade Caixa. Todos os usu\u00e1rios, da ativa e aposentados, podem votar (veja orienta\u00e7\u00f5es abaixo).<\/p>\n<p>\u201cO Conselho de Usu\u00e1rios \u00e9 uma importante ferramenta de defesa do Sa\u00fade Caixa e dos interesses dos empregados com rela\u00e7\u00e3o ao plano de sa\u00fade. Por isso, apoiamos a Chapa 1 (Movimento Pela Sa\u00fade), que defendeu o plano dos ataques de uma gest\u00e3o que n\u00e3o tinha compromisso com os trabalhadores\u201d, afirmou o empregado da Caixa e diretor da Confedera\u00e7\u00e3o Nacional dos Trabalhadores do Ramo Financeiro (Contraf-CUT), Rafael de Castro.<\/p>\n<p>\u201cVamos atuar com olhar voltado para o ser humano, em defesa dos usu\u00e1rios, sempre exigindo transpar\u00eancia, responsabilidade com a sustentabilidade do plano, a manuten\u00e7\u00e3o do modelo de custeio com 70% das despesas assistenciais pagas pela Caixa e 30% pelos usu\u00e1rios e os princ\u00edpios da solidariedade, mutualismo e pacto intergeracional\u201d, afirmou o empregado da ativa de S\u00e3o Paulo (SP), Francisco Carlos Pugliesi, um dos candidatos a titular do Conselho de Usu\u00e1rios pela Chapa 1.<\/p>\n<h3><strong>Se liga a\u00ed<\/strong><\/h3>\n<ul>\n<li>A vota\u00e7\u00e3o come\u00e7a \u00e0s 8h do dia 16 e se encerra \u00e0s 17h do dia 20;<\/li>\n<li>Para votar \u00e9 preciso logar o sistema da Caixa. O login \u00e9 o mesmo utilizado no aplicativo Sou Caixa, FGTS e de outros servi\u00e7os do banco;<\/li>\n<li>Votam apenas os titulares do Sa\u00fade Caixa (empregados ativos e inativos, aposentados e pensionistas) com cadastro regular. Dependentes n\u00e3o votam;<\/li>\n<li>Em caso de problemas t\u00e9cnicos ou indisponibilidade do login Caixa, entre em contato com o Suporte Tecnol\u00f3gico. Nas capitais e regi\u00f5es metropolitanas, ligue 4004 0104. Nas demais regi\u00f5es, ligue 0800 104 0 104.<\/li>\n<\/ul>\n<h2><strong>Como votar<\/strong><\/h2>\n<ol type=\"1\">\n<li>Acesse:\u00a0<a href=\"https:\/\/centralsaudecaixa.com.br\/conselho\/\" target=\"_blank\" rel=\"noopener noreferrer\">https:\/\/centralsaudecaixa.com.br\/conselho\/<\/a><\/li>\n<li>Digite o CPF e clique em pr\u00f3ximo;<\/li>\n<li>Clique em Receber C\u00f3digo (ser\u00e1 enviado um c\u00f3digo no e-mail ou telefone, cadastrado no Login Caixa);<\/li>\n<li>Digite o c\u00f3digo recebido (no e-mail ou telefone) e clique em enviar;<\/li>\n<li>Digite sua senha (mesma do Login Caixa) e clique em enviar;<\/li>\n<li>O sistema se abre para vota\u00e7\u00e3o, a\u00ed \u00e9 s\u00f3 votar na Chapa 1.<\/li>\n<\/ol>\n<p><strong>Fonte: Contraf-CUT<\/strong><\/p>\n","protected":false},"excerpt":{"rendered":"<p>Empregadas e empregados da Caixa Econ\u00f4mica Federal escolher\u00e3o, entre 16 e 20 de janeiro, seus representantes no Conselho de Usu\u00e1rios do Sa\u00fade Caixa. Todos os usu\u00e1rios, da ativa e aposentados, podem votar (veja orienta\u00e7\u00f5es abaixo). \u201cO Conselho de Usu\u00e1rios \u00e9 uma importante ferramenta de defesa do Sa\u00fade Caixa e dos interesses dos empregados com rela\u00e7\u00e3o [&hellip;]<\/p>\n","protected":false},"author":2,"featured_media":13575,"comment_status":"","ping_status":"","sticky":false,"template":"","format":"standard","meta":{"footnotes":""},"categories":[3],"tags":[],"class_list":["post-13576","post","type-post","status-publish","format-standard","has-post-thumbnail","hentry","category-noticias"],"_links":{"self":[{"href":"https:\/\/hostnetart.com.br\/baixada\/wp-json\/wp\/v2\/posts\/13576","targetHints":{"allow":["GET"]}}],"collection":[{"href":"https:\/\/hostnetart.com.br\/baixada\/wp-json\/wp\/v2\/posts"}],"about":[{"href":"https:\/\/hostnetart.com.br\/baixada\/wp-json\/wp\/v2\/types\/post"}],"author":[{"embeddable":true,"href":"https:\/\/hostnetart.com.br\/baixada\/wp-json\/wp\/v2\/users\/2"}],"replies":[{"embeddable":true,"href":"https:\/\/hostnetart.com.br\/baixada\/wp-json\/wp\/v2\/comments?post=13576"}],"version-history":[{"count":0,"href":"https:\/\/hostnetart.com.br\/baixada\/wp-json\/wp\/v2\/posts\/13576\/revisions"}],"wp:featuredmedia":[{"embeddable":true,"href":"https:\/\/hostnetart.com.br\/baixada\/wp-json\/wp\/v2\/media\/13575"}],"wp:attachment":[{"href":"https:\/\/hostnetart.com.br\/baixada\/wp-json\/wp\/v2\/media?parent=13576"}],"wp:term":[{"taxonomy":"category","embeddable":true,"href":"https:\/\/hostnetart.com.br\/baixada\/wp-json\/wp\/v2\/categories?post=13576"},{"taxonomy":"post_tag","embeddable":true,"href":"https:\/\/hostnetart.com.br\/baixada\/wp-json\/wp\/v2\/tags?post=13576"}],"curies":[{"name":"wp","href":"https:\/\/api.w.org\/{rel}","templated":true}]}}