{"id":13574,"date":"2023-01-16T16:00:05","date_gmt":"2023-01-16T19:00:05","guid":{"rendered":"https:\/\/hostnetart.com.br\/baixada\/tarciana-medeiros-toma-posse-da-presidencia-do-banco-do-brasil-nesta-segunda\/"},"modified":"2023-01-16T16:00:05","modified_gmt":"2023-01-16T19:00:05","slug":"tarciana-medeiros-toma-posse-da-presidencia-do-banco-do-brasil-nesta-segunda","status":"publish","type":"post","link":"https:\/\/hostnetart.com.br\/baixada\/tarciana-medeiros-toma-posse-da-presidencia-do-banco-do-brasil-nesta-segunda\/","title":{"rendered":"Tarciana Medeiros toma posse da presid\u00eancia do Banco do Brasil nesta segunda"},"content":{"rendered":"<p>Tarciana Medeiros, primeira mulher indicada \u00e0 presid\u00eancia do Banco do Brasil em 214 anos, tomar\u00e1 posse nesta segunda-feira (16), no CCBB Bras\u00edlia. A cerim\u00f4nia\u00a0<a href=\"https:\/\/www.youtube.com\/watch?v=5mxmadO7SEM\" target=\"_blank\" rel=\"noopener noreferrer\">poder\u00e1 ser acompanhada pelo canal do BB, no YouTube<\/a>.<\/p>\n<p>Medeiros \u00e9 funcion\u00e1ria de carreira do BB e ingressou no banco por concurso h\u00e1 22 anos. Em 2002, assumiu o primeiro cargo de gest\u00e3o, passando por diversas fun\u00e7\u00f5es, na rede de varejo, em ag\u00eancias e superintend\u00eancias, no Nordeste, no Norte e no Centro-Oeste.\u00a0<a href=\"https:\/\/contrafcut.com.br\/noticias\/governo-lula-convida-tarciana-medeiros-para-o-bb-e-rita-serrano-para-a-caixa\/\" target=\"_blank\" rel=\"noopener noreferrer\">Seu nome foi anunciado, no dia 30 de dezembro<\/a>, pelo ministro da Fazenda, Fernando Haddad.<\/p>\n<p>Em uma rede social, o presidente da Rep\u00fablica, Luiz In\u00e1cio Lula da Silva, anunciou nesta segunda que participar\u00e1 da posse de Tarciana, destacando o fato de ela ser a primeira mulher a ocupar o cargo de uma das principais institui\u00e7\u00f5es financeiras do pa\u00eds. \u201cDesejo um bom trabalho na dire\u00e7\u00e3o desse banco t\u00e3o importante para nossa economia. Boa semana e vamos juntos reconstruir o Brasil!\u201d, completou o mandat\u00e1rio.<\/p>\n<p>A presidenta da Confedera\u00e7\u00e3o Nacional dos Trabalhadores do Ramo Financeiro (Contraf-CUT), Juvandia Moreira, que tamb\u00e9m estar\u00e1 presente na cerim\u00f4nia de posse, destacou que o movimento sindical v\u00ea com otimismo a condu\u00e7\u00e3o da presid\u00eancia do BB \u00e0s m\u00e3os de Tarciana. \u201cAguardamos por uma gest\u00e3o que recupere o Banco do Brasil como um banco p\u00fablico, alinhado \u00e0s pol\u00edticas de desenvolvimento que o pa\u00eds precisa para melhorar a economia. E isso passa por uma pol\u00edtica de cr\u00e9dito a juros mais baixos\u201d, ponderou.<\/p>\n<p>Para a funcion\u00e1ria do BB e representante da Contra-CUT na Comiss\u00e3o de Empresa dos Funcion\u00e1rios do Banco do Brasil (CEBB), Fernanda Lopes, h\u00e1 expectativa de recomposi\u00e7\u00e3o do quadro de funcion\u00e1rios e de ag\u00eancias, reduzidos significativamente nos governos Temer e Bolsonaro.<\/p>\n<p>\u201cNos \u00faltimos seis anos e meio, foram fechadas 1.500 ag\u00eancias e mais de 10 mil postos de trabalho. O resultado disso foi sobrecarga de trabalho para os funcion\u00e1rios que continuaram na empresa, al\u00e9m da desbancariza\u00e7\u00e3o em pequenas cidades e periferias, que foram as localidades mais atingidas. Esperamos por uma gest\u00e3o que reforce o papel econ\u00f4mico-social do BB e que desenvolva programas efetivos de igualdade de oportunidades para a ascens\u00e3o dos funcion\u00e1rios\u201d, pontuou.<\/p>\n<p><strong>Fonte: Contraf-CUT<\/strong><\/p>\n","protected":false},"excerpt":{"rendered":"<p>Tarciana Medeiros, primeira mulher indicada \u00e0 presid\u00eancia do Banco do Brasil em 214 anos, tomar\u00e1 posse nesta segunda-feira (16), no CCBB Bras\u00edlia. A cerim\u00f4nia\u00a0poder\u00e1 ser acompanhada pelo canal do BB, no YouTube. Medeiros \u00e9 funcion\u00e1ria de carreira do BB e ingressou no banco por concurso h\u00e1 22 anos. Em 2002, assumiu o primeiro cargo de [&hellip;]<\/p>\n","protected":false},"author":2,"featured_media":13573,"comment_status":"","ping_status":"","sticky":false,"template":"","format":"standard","meta":{"footnotes":""},"categories":[3],"tags":[],"class_list":["post-13574","post","type-post","status-publish","format-standard","has-post-thumbnail","hentry","category-noticias"],"_links":{"self":[{"href":"https:\/\/hostnetart.com.br\/baixada\/wp-json\/wp\/v2\/posts\/13574","targetHints":{"allow":["GET"]}}],"collection":[{"href":"https:\/\/hostnetart.com.br\/baixada\/wp-json\/wp\/v2\/posts"}],"about":[{"href":"https:\/\/hostnetart.com.br\/baixada\/wp-json\/wp\/v2\/types\/post"}],"author":[{"embeddable":true,"href":"https:\/\/hostnetart.com.br\/baixada\/wp-json\/wp\/v2\/users\/2"}],"replies":[{"embeddable":true,"href":"https:\/\/hostnetart.com.br\/baixada\/wp-json\/wp\/v2\/comments?post=13574"}],"version-history":[{"count":0,"href":"https:\/\/hostnetart.com.br\/baixada\/wp-json\/wp\/v2\/posts\/13574\/revisions"}],"wp:featuredmedia":[{"embeddable":true,"href":"https:\/\/hostnetart.com.br\/baixada\/wp-json\/wp\/v2\/media\/13573"}],"wp:attachment":[{"href":"https:\/\/hostnetart.com.br\/baixada\/wp-json\/wp\/v2\/media?parent=13574"}],"wp:term":[{"taxonomy":"category","embeddable":true,"href":"https:\/\/hostnetart.com.br\/baixada\/wp-json\/wp\/v2\/categories?post=13574"},{"taxonomy":"post_tag","embeddable":true,"href":"https:\/\/hostnetart.com.br\/baixada\/wp-json\/wp\/v2\/tags?post=13574"}],"curies":[{"name":"wp","href":"https:\/\/api.w.org\/{rel}","templated":true}]}}