{"id":13568,"date":"2023-01-12T03:32:32","date_gmt":"2023-01-12T06:32:32","guid":{"rendered":"https:\/\/hostnetart.com.br\/baixada\/oms-mascaras-continuam-recomendadas-em-locais-fechados-para-controle-da-covid-19\/"},"modified":"2023-01-12T03:32:32","modified_gmt":"2023-01-12T06:32:32","slug":"oms-mascaras-continuam-recomendadas-em-locais-fechados-para-controle-da-covid-19","status":"publish","type":"post","link":"https:\/\/hostnetart.com.br\/baixada\/oms-mascaras-continuam-recomendadas-em-locais-fechados-para-controle-da-covid-19\/","title":{"rendered":"OMS: m\u00e1scaras continuam recomendadas em locais fechados para controle da covid-19"},"content":{"rendered":"<p>Um dia ap\u00f3s voltar a recomendar a obrigatoriedade do uso de m\u00e1scaras em voos de longa dist\u00e2ncia, a Organiza\u00e7\u00e3o Mundial da Sa\u00fade (OMS) informou que o equipamento continua necess\u00e1rio em todos os locais fechados, com pouca ventila\u00e7\u00e3o e aglomera\u00e7\u00e3o de pessoas.<\/p>\n<p>As afirma\u00e7\u00f5es foram feitas pela epidemiologista Maria Van Kerkhove, l\u00edder t\u00e9cnica da OMS em covid-19, ao responder\u00a0um jornalista que cobrou clareza nas orienta\u00e7\u00f5es sobre o equipamento de seguran\u00e7a.<\/p>\n<p>Kerhove disse\u00a0que o uso da m\u00e1scara \u00e9 uma recomenda\u00e7\u00e3o da OMS desde o in\u00edcio da pandemia e segue na lista de medidas fortemente indicadas para conter a propaga\u00e7\u00e3o do v\u00edrus.<\/p>\n<p>Ela ponderou, no entanto, que a defini\u00e7\u00e3o deve levar em conta\u00a0cada situa\u00e7\u00e3o. &#8220;Sim, esta \u00e9 uma das recomenda\u00e7\u00f5es que continuamos a aconselhar e estamos trabalhando com os pa\u00edses para ajustar o uso nos contextos corretos,&#8221; ressaltou.<\/p>\n<p>&#8220;Para o p\u00fablico em geral, a OMS recomenda o uso das m\u00e1scaras em locais fechados, particularmente quando h\u00e1 aglomera\u00e7\u00f5es, quando h\u00e1 pouca ventila\u00e7\u00e3o. Isso pode incluir uma variedade de cen\u00e1rios, como o transporte p\u00fablico, mas tamb\u00e9m pode incluir pr\u00e9dios. O contexto \u00e9 importante. A transmiss\u00e3o \u00e9 uma combina\u00e7\u00e3o de fatores, a dist\u00e2ncia que voc\u00ea est\u00e1 das pessoas, o local em que voc\u00ea est\u00e1, a ventila\u00e7\u00e3o na sala, quanto tempo voc\u00ea passa naquela localidade.&#8221;\u00a0<\/p>\n<p>A epidemiologista afirmou ainda que j\u00e1 h\u00e1 dados indicando que a subvariante XBB.1.5 tem muito pode de propaga\u00e7\u00e3o, mas ainda n\u00e3o \u00e9 poss\u00edvel dizer se os casos tem maior ou menor gravidade.<\/p>\n<p>A nova linhagem da \u00d4microm vem preocupando o mundo nas \u00faltimas semanas, mas ainda h\u00e1 poucas informa\u00e7\u00f5es sobre ela. Segundo Kerkhove, as muta\u00e7\u00f5es s\u00e3o naturais e v\u00e3o continuar acontecendo.\u00a0<\/p>\n<p>&#8220;Conforme o v\u00edrus circula, mais mudan\u00e7as s\u00e3o esperadas e mais subvariantes ser\u00e3o identificadas. O que \u00e9 realmente essencial, \u00e9 que n\u00f3s continuemos a ter vigil\u00e2ncia. O v\u00edrus est\u00e1 circulando e h\u00e1 muito que podemos fazer. Independentemente das variantes circulando, tomar a vacina \u00e9 muito importante. Certifique-se de tomar medidas para diminuir seus riscos todos os dias, distanciamento, melhorias na ventila\u00e7\u00e3o, uso de m\u00e1scara&#8221;.<\/p>\n<p>Um comit\u00ea da Organiza\u00e7\u00e3o Mundial da Sa\u00fade (OMS) se reunir\u00e1 em 27 de janeiro para reavaliar o status de emerg\u00eancia global para a covid-19. A partir de avalia\u00e7\u00f5es do comit\u00ea, que atua na resposta \u00e0 pandemia, a dire\u00e7\u00e3o da organiza\u00e7\u00e3o deve definir o caminho a ser seguido.\u00a0<\/p>\n<p><strong>Fonte: Brasil de Fato<\/strong><\/p>\n","protected":false},"excerpt":{"rendered":"<p>Um dia ap\u00f3s voltar a recomendar a obrigatoriedade do uso de m\u00e1scaras em voos de longa dist\u00e2ncia, a Organiza\u00e7\u00e3o Mundial da Sa\u00fade (OMS) informou que o equipamento continua necess\u00e1rio em todos os locais fechados, com pouca ventila\u00e7\u00e3o e aglomera\u00e7\u00e3o de pessoas. As afirma\u00e7\u00f5es foram feitas pela epidemiologista Maria Van Kerkhove, l\u00edder t\u00e9cnica da OMS em [&hellip;]<\/p>\n","protected":false},"author":2,"featured_media":13567,"comment_status":"","ping_status":"","sticky":false,"template":"","format":"standard","meta":{"footnotes":""},"categories":[3],"tags":[],"class_list":["post-13568","post","type-post","status-publish","format-standard","has-post-thumbnail","hentry","category-noticias"],"_links":{"self":[{"href":"https:\/\/hostnetart.com.br\/baixada\/wp-json\/wp\/v2\/posts\/13568","targetHints":{"allow":["GET"]}}],"collection":[{"href":"https:\/\/hostnetart.com.br\/baixada\/wp-json\/wp\/v2\/posts"}],"about":[{"href":"https:\/\/hostnetart.com.br\/baixada\/wp-json\/wp\/v2\/types\/post"}],"author":[{"embeddable":true,"href":"https:\/\/hostnetart.com.br\/baixada\/wp-json\/wp\/v2\/users\/2"}],"replies":[{"embeddable":true,"href":"https:\/\/hostnetart.com.br\/baixada\/wp-json\/wp\/v2\/comments?post=13568"}],"version-history":[{"count":0,"href":"https:\/\/hostnetart.com.br\/baixada\/wp-json\/wp\/v2\/posts\/13568\/revisions"}],"wp:featuredmedia":[{"embeddable":true,"href":"https:\/\/hostnetart.com.br\/baixada\/wp-json\/wp\/v2\/media\/13567"}],"wp:attachment":[{"href":"https:\/\/hostnetart.com.br\/baixada\/wp-json\/wp\/v2\/media?parent=13568"}],"wp:term":[{"taxonomy":"category","embeddable":true,"href":"https:\/\/hostnetart.com.br\/baixada\/wp-json\/wp\/v2\/categories?post=13568"},{"taxonomy":"post_tag","embeddable":true,"href":"https:\/\/hostnetart.com.br\/baixada\/wp-json\/wp\/v2\/tags?post=13568"}],"curies":[{"name":"wp","href":"https:\/\/api.w.org\/{rel}","templated":true}]}}