{"id":13566,"date":"2023-01-12T03:31:27","date_gmt":"2023-01-12T06:31:27","guid":{"rendered":"https:\/\/hostnetart.com.br\/baixada\/posse-de-rita-serrano-sera-nesta-quinta-feira-12\/"},"modified":"2023-01-12T03:31:27","modified_gmt":"2023-01-12T06:31:27","slug":"posse-de-rita-serrano-sera-nesta-quinta-feira-12","status":"publish","type":"post","link":"https:\/\/hostnetart.com.br\/baixada\/posse-de-rita-serrano-sera-nesta-quinta-feira-12\/","title":{"rendered":"Posse de Rita Serrano ser\u00e1 nesta quinta-feira (12)"},"content":{"rendered":"<p>Em Decreto publicado no Di\u00e1rio Oficial da Uni\u00e3o da \u00faltima segunda-feira (9), o Presidente Luiz In\u00e1cio Lula da Silva nomeou Rita Serrano para exercer o cargo de presidenta da Caixa Econ\u00f4mica Federal.<\/p>\n<p>A posse da presidenta ser\u00e1 nesta quinta-feira (12), \u00e0s 18h, no teatro da Caixa Cultural, e vai contar com a presen\u00e7a do ministro da Fazenda, Fernando Haddad.<\/p>\n<p>A escolha de Serrano, ent\u00e3o diretora da Federa\u00e7\u00e3o Nacional das Associa\u00e7\u00f5es do Pessoal da Caixa (Fenae) e conselheira de Administra\u00e7\u00e3o do banco, foi anunciada pelo presidente da Rep\u00fablica no dia 30 de dezembro.<\/p>\n<p>Em\u00a0<a href=\"https:\/\/www.fenae.org.br\/portal\/fenae-portal\/nova-presidenta-da-caixa-diz-que-reconstruir-o-banco-publico-e-primordial.htm\">entrevista \u00e0 Federa\u00e7\u00e3o<\/a>, Rita Serrano destacou que a reconstru\u00e7\u00e3o do banco \u00e9 primordial e falou sobre a gest\u00e3o de ass\u00e9dio e medo nos \u00faltimos quatro anos. \u201cA era de ass\u00e9dio vai acabar. N\u00f3s vamos humanizar as rela\u00e7\u00f5es de trabalho\u201d, afirmou.<\/p>\n<p><strong>Fonte: Fenae<\/strong><\/p>\n","protected":false},"excerpt":{"rendered":"<p>Em Decreto publicado no Di\u00e1rio Oficial da Uni\u00e3o da \u00faltima segunda-feira (9), o Presidente Luiz In\u00e1cio Lula da Silva nomeou Rita Serrano para exercer o cargo de presidenta da Caixa Econ\u00f4mica Federal. A posse da presidenta ser\u00e1 nesta quinta-feira (12), \u00e0s 18h, no teatro da Caixa Cultural, e vai contar com a presen\u00e7a do ministro [&hellip;]<\/p>\n","protected":false},"author":2,"featured_media":13565,"comment_status":"","ping_status":"","sticky":false,"template":"","format":"standard","meta":{"footnotes":""},"categories":[3],"tags":[],"class_list":["post-13566","post","type-post","status-publish","format-standard","has-post-thumbnail","hentry","category-noticias"],"_links":{"self":[{"href":"https:\/\/hostnetart.com.br\/baixada\/wp-json\/wp\/v2\/posts\/13566","targetHints":{"allow":["GET"]}}],"collection":[{"href":"https:\/\/hostnetart.com.br\/baixada\/wp-json\/wp\/v2\/posts"}],"about":[{"href":"https:\/\/hostnetart.com.br\/baixada\/wp-json\/wp\/v2\/types\/post"}],"author":[{"embeddable":true,"href":"https:\/\/hostnetart.com.br\/baixada\/wp-json\/wp\/v2\/users\/2"}],"replies":[{"embeddable":true,"href":"https:\/\/hostnetart.com.br\/baixada\/wp-json\/wp\/v2\/comments?post=13566"}],"version-history":[{"count":0,"href":"https:\/\/hostnetart.com.br\/baixada\/wp-json\/wp\/v2\/posts\/13566\/revisions"}],"wp:featuredmedia":[{"embeddable":true,"href":"https:\/\/hostnetart.com.br\/baixada\/wp-json\/wp\/v2\/media\/13565"}],"wp:attachment":[{"href":"https:\/\/hostnetart.com.br\/baixada\/wp-json\/wp\/v2\/media?parent=13566"}],"wp:term":[{"taxonomy":"category","embeddable":true,"href":"https:\/\/hostnetart.com.br\/baixada\/wp-json\/wp\/v2\/categories?post=13566"},{"taxonomy":"post_tag","embeddable":true,"href":"https:\/\/hostnetart.com.br\/baixada\/wp-json\/wp\/v2\/tags?post=13566"}],"curies":[{"name":"wp","href":"https:\/\/api.w.org\/{rel}","templated":true}]}}