{"id":13562,"date":"2023-01-11T11:12:26","date_gmt":"2023-01-11T14:12:26","guid":{"rendered":"https:\/\/hostnetart.com.br\/baixada\/mais-de-75-dos-brasileiros-repudiam-acoes-de-terroristas-em-brasilia-diz-instituto-atlas\/"},"modified":"2023-01-11T11:12:26","modified_gmt":"2023-01-11T14:12:26","slug":"mais-de-75-dos-brasileiros-repudiam-acoes-de-terroristas-em-brasilia-diz-instituto-atlas","status":"publish","type":"post","link":"https:\/\/hostnetart.com.br\/baixada\/mais-de-75-dos-brasileiros-repudiam-acoes-de-terroristas-em-brasilia-diz-instituto-atlas\/","title":{"rendered":"Mais de 75% dos brasileiros repudiam a\u00e7\u00f5es de terroristas em Bras\u00edlia, diz Instituto Atlas"},"content":{"rendered":"<p>A grande maioria dos brasileiros reprova o\u00a0<a href=\"https:\/\/www.brasildefato.com.br\/2023\/01\/08\/atos-golpistas-apoiadores-de-jair-bolsonaro-invadem-congresso-nacional-veja-reacoes\" target=\"_blank\" rel=\"noopener noreferrer\">terrorismo praticado por bolsonaristas no \u00faltimo domingo (8) em Bras\u00edlia<\/a>. \u00c9 o que revela uma pesquisa publicada nesta ter\u00e7a-feira (10) pelo instituto Atlas. Segundo o levantamento, 75,8% das pessoas discordam da a\u00e7\u00e3o dos bolsonaristas. Outros 18,4% afirmaram concordar, enquanto 5,8% responderam n\u00e3o saber.<\/p>\n<p>O levantamento perguntou, ainda, se as pessoas s\u00e3o a favor ou contra a instala\u00e7\u00e3o de uma ditadura militar no Brasil. Os que s\u00e3o contra, mais uma vez, foram a grande maioria: 73,5%, contra 9,5% que se disseram a favor. Outros 17% disseram que n\u00e3o sabem ou n\u00e3o quiseram responder.<\/p>\n<p>Apesar disso, \u00e9 grande o n\u00famero de pessoas que dizem ser a favor de ruptura institucional: 36,8% dos participantes se colocaram favor\u00e1veis a uma &#8220;interven\u00e7\u00e3o militar&#8221; para invalidar o resultado da elei\u00e7\u00e3o, enquanto 54,1% se disseram contr\u00e1rios. Outros 9,1% disseram que n\u00e3o sabem.<\/p>\n<p class=\"ckeditor-subtitle\"><span style=\"text-decoration: underline;\">Detalhamento da pesquisa<\/span><\/p>\n<p>A pesquisa ouviu 2.200 pessoas, de todas as cidades do pa\u00eds, regi\u00f5es ou faixas et\u00e1rias, pela internet. O Atlas utiliza uma t\u00e9cnica que permite ouvir pessoas de todas as classes sociais, diferentes g\u00eaneros, faixas et\u00e1rias e n\u00edveis educacionais, em todas as partes do pa\u00eds, respeitando a propor\u00e7\u00e3o de cada um desses grupos na popula\u00e7\u00e3o total.<\/p>\n<p>Ao separar cada um desses grupos\u00a0\u00e9 poss\u00edvel ver algumas diferen\u00e7as evidentes. Na regi\u00e3o Nordeste, onde o presidente Lula (PT) teve\u00a0<a href=\"https:\/\/www.brasildefatoce.com.br\/2022\/10\/31\/nordeste-garante-lula-como-presidente-do-brasil\" target=\"_blank\" rel=\"noopener noreferrer\">vit\u00f3ria expressiva nas elei\u00e7\u00f5es contra Jair Bolsonaro (PL)<\/a>, a discord\u00e2ncia em rela\u00e7\u00e3o ao terrorismo em Bras\u00edlia foi bem mais alta: 88%. Entre os evang\u00e9licos, o grupo que discordou ainda foi maioria, mas por uma margem mais estreita: 54%.<\/p>\n<p>Entre os eleitores de Lula, a discord\u00e2ncia foi de 96,9%. J\u00e1 entre aqueles que votaram em Bolsonaro, 48,6% se colocaram contr\u00e1rios \u00e0s a\u00e7\u00f5es terroristas (outros 38,1% se posicionaram a favor, enquanto 13,3% responderam que n\u00e3o sabiam se posicionar).<\/p>\n<p>A mesma pesquisa perguntou se a invas\u00e3o era justificada ou injustificada. Nesse caso, 53% das pessoas disseram ser &#8220;completamente injustificada&#8221;. Outros 27,5% afirmaram ser &#8220;justificada em parte&#8221;, enquanto 10,5% acreditam que o\u00a0<a href=\"https:\/\/www.brasildefato.com.br\/2023\/01\/09\/ministerio-da-justica-abre-canal-de-denuncias-contra-bolsonaristas-que-vandalizaram-brasilia\" target=\"_blank\" rel=\"noopener noreferrer\">terrorismo<\/a>\u00a0foi &#8220;completamente justificado&#8221;. Outros 9% disseram n\u00e3o saber.<\/p>\n<p>Quando perguntados se Bolsonaro tinha responsabilidade sobre as a\u00e7\u00f5es de seus seguidores no \u00faltimo domingo, 50,2% dos entrevistados disseram que sim, enquanto 42,7% afirmaram que n\u00e3o. Os que disseram n\u00e3o saber somaram 7,1%.<\/p>\n<p>Enquanto isso, 48,4% disseram que o governador afastado do Distrito Federal, Ibaneis Rocha (MDB), tem responsabilidade sobre o epis\u00f3dio. A decis\u00e3o de Lula de realizar\u00a0<a href=\"https:\/\/www.brasildefato.com.br\/2023\/01\/08\/lula-decreta-intervencao-federal-na-seguranca-publica-do-df-apos-terrorismo-em-brasilia\" target=\"_blank\" rel=\"noopener noreferrer\">interven\u00e7\u00e3o federal no DF<\/a>, ali\u00e1s, foi aprovada por 69% das pessoas que participaram da pesquisa.<\/p>\n<p><strong>Fonte: Brasil de Fato<\/strong><\/p>\n","protected":false},"excerpt":{"rendered":"<p>A grande maioria dos brasileiros reprova o\u00a0terrorismo praticado por bolsonaristas no \u00faltimo domingo (8) em Bras\u00edlia. \u00c9 o que revela uma pesquisa publicada nesta ter\u00e7a-feira (10) pelo instituto Atlas. Segundo o levantamento, 75,8% das pessoas discordam da a\u00e7\u00e3o dos bolsonaristas. Outros 18,4% afirmaram concordar, enquanto 5,8% responderam n\u00e3o saber. O levantamento perguntou, ainda, se as [&hellip;]<\/p>\n","protected":false},"author":2,"featured_media":13561,"comment_status":"","ping_status":"","sticky":false,"template":"","format":"standard","meta":{"footnotes":""},"categories":[3],"tags":[],"class_list":["post-13562","post","type-post","status-publish","format-standard","has-post-thumbnail","hentry","category-noticias"],"_links":{"self":[{"href":"https:\/\/hostnetart.com.br\/baixada\/wp-json\/wp\/v2\/posts\/13562","targetHints":{"allow":["GET"]}}],"collection":[{"href":"https:\/\/hostnetart.com.br\/baixada\/wp-json\/wp\/v2\/posts"}],"about":[{"href":"https:\/\/hostnetart.com.br\/baixada\/wp-json\/wp\/v2\/types\/post"}],"author":[{"embeddable":true,"href":"https:\/\/hostnetart.com.br\/baixada\/wp-json\/wp\/v2\/users\/2"}],"replies":[{"embeddable":true,"href":"https:\/\/hostnetart.com.br\/baixada\/wp-json\/wp\/v2\/comments?post=13562"}],"version-history":[{"count":0,"href":"https:\/\/hostnetart.com.br\/baixada\/wp-json\/wp\/v2\/posts\/13562\/revisions"}],"wp:featuredmedia":[{"embeddable":true,"href":"https:\/\/hostnetart.com.br\/baixada\/wp-json\/wp\/v2\/media\/13561"}],"wp:attachment":[{"href":"https:\/\/hostnetart.com.br\/baixada\/wp-json\/wp\/v2\/media?parent=13562"}],"wp:term":[{"taxonomy":"category","embeddable":true,"href":"https:\/\/hostnetart.com.br\/baixada\/wp-json\/wp\/v2\/categories?post=13562"},{"taxonomy":"post_tag","embeddable":true,"href":"https:\/\/hostnetart.com.br\/baixada\/wp-json\/wp\/v2\/tags?post=13562"}],"curies":[{"name":"wp","href":"https:\/\/api.w.org\/{rel}","templated":true}]}}