{"id":1356,"date":"2014-06-09T00:00:00","date_gmt":"2014-06-09T03:00:00","guid":{"rendered":"https:\/\/hostnetart.com.br\/baixada\/novo-coordenador-da-comissao-de-empresa-do-bb-defende-unidade\/"},"modified":"2014-06-09T00:00:00","modified_gmt":"2014-06-09T03:00:00","slug":"novo-coordenador-da-comissao-de-empresa-do-bb-defende-unidade","status":"publish","type":"post","link":"https:\/\/hostnetart.com.br\/baixada\/novo-coordenador-da-comissao-de-empresa-do-bb-defende-unidade\/","title":{"rendered":"Novo coordenador da Comiss\u00e3o de Empresa do BB defende unidade"},"content":{"rendered":"<p>Em um ano at\u00edpico, com diversos fatores externos que podem influenciar o resultado da Campanha Nacional dos Banc\u00e1rios 2014, Wagner Nascimento, diretor do Sindicato de Belo Horizonte e Regi\u00e3o, foi apresentado neste domingo 8, durante a plen\u00e1ria final do 25\u00ba Congresso Nacional dos Funcion\u00e1rios, como o novo coordenador da Comiss\u00e3o de Empresa do BB, que assessora a Contraf-CUT nas negocia\u00e7\u00f5es com o banco.<\/p>\n<p>\u201cPrimeiramente, quero agradecer o convite para participar da coordena\u00e7\u00e3o da Comiss\u00e3o de Empresa dos Funcion\u00e1rios do BB. E esclarecer tamb\u00e9m que a coordena\u00e7\u00e3o s\u00f3 dirige os trabalhos. Na verdade, quem d\u00e1 o tom s\u00e3o as federa\u00e7\u00f5es e os sindicatos, e \u00e9 assim que a gente constr\u00f3i a nossa Campanha Nacional\u201d, afirmou Wagner Nascimento.<\/p>\n<p>\u201cPodem contar comigo com bastante trabalho e di\u00e1logo com todas as representa\u00e7\u00f5es que est\u00e3o representadas no Comando Nacional dos Banc\u00e1rios. Quero deixar aberto tamb\u00e9m para que aqueles sindicatos que ainda n\u00e3o est\u00e3o no Comando por uma decis\u00e3o pol\u00edtica, que venham participar do Congresso Nacional dos Banc\u00e1rios do BB para que a gente possa construir mais esta unidade dos trabalhadores\u201d, destacou Nascimento, ao agradecer o apoio e pedir unidade de todos os banc\u00e1rios e banc\u00e1rias do BB dentro de um cen\u00e1rio dif\u00edcil para a Campanha Nacional 2014. \u201cApesar das dificuldades, acredito que \u00e9 poss\u00edvel construir uma boa Campanha\u201d, acrescentou.<\/p>\n<p><strong>A constru\u00e7\u00e3o da unidade<\/strong><\/p>\n<p>Secret\u00e1rio de Forma\u00e7\u00e3o da Contraf-CUT, William Mendes agradeceu a confian\u00e7a e o per\u00edodo em que coordenou a Comiss\u00e3o de Empresa dos Funcion\u00e1rios do BB. \u201cO movimento sindical dos banc\u00e1rios \u00e9 muito vitorioso porque a gente construiu uma unidade que \u00e9 dif\u00edcil de encontrar em qualquer outro grupo. Conquistamos uma Conven\u00e7\u00e3o Coletiva Nacional que vale para toda empresa e em todos os lugares do Brasil. Independentemente das diferen\u00e7as pol\u00edticas, vamos continuar trabalhando pela unidade e pelo fortalecimento da categoria\u201d, destacou William.<\/p>\n<p>E concluiu: \u201cAgrade\u00e7o o conv\u00edvio que tive com todos e todas que militam aqui no movimento e afirmar que continuo \u00e0 disposi\u00e7\u00e3o porque eu vou continuar no dia a dia com os companheiros dos sindicatos, das entidades, do funcionalismo e dos aposentados. Ent\u00e3o, continuamos juntos a\u00ed, muito obrigado\u201d.<\/p>\n<p>William Mendes deixa a coordena\u00e7\u00e3o da Comiss\u00e3o de Empresa dos Funcion\u00e1rios do BB para assumir um novo desafio. Ele foi eleito pelos associados para o cargo de diretor de Sa\u00fade e Rede de Atendimento da Caixa de Assist\u00eancia dos Funcion\u00e1rios do Banco do Brasil (Cassi). William e os novos integrantes para os Conselhos Deliberativo e Fiscal foram empossados aos cargos do plano de sa\u00fade no dia 2 de junho, em Bras\u00edlia.<\/p>\n<p><strong>Quem \u00e9 Wagner Nascimento<\/strong><\/p>\n<p>Diretor do Sindicato dos Banc\u00e1rios de Belo Horizonte, Wagner Nascimento ingressou no Banco do Brasil em 2002. Tem experi\u00eancia profissional em contabilidade e administra\u00e7\u00e3o e foi gerente de servi\u00e7os no BB. Graduado em Administra\u00e7\u00e3o e p\u00f3s-graduado em Gest\u00e3o Previdenci\u00e1ria.<\/p>\n<p>Tem cursos de previd\u00eancia complementar e gest\u00e3o p\u00fablica nas \u00e1reas de Contabilidade, Administra\u00e7\u00e3o e Recursos Humanos. \u00c9 membro do Conselho Consultivo do Plano Previ Futuro desde 2010, onde foi coordenador.<\/p>\n<p><strong>Caref defende melhores condi\u00e7\u00f5es de trabalho<\/strong><\/p>\n<p>Rafael Matos, eleito no ano passado representante do funcionalismo no Conselho de Administra\u00e7\u00e3o do BB, presente ao 25\u00ba Congresso, fez uma sauda\u00e7\u00e3o aos delegados para reafirmar que coloca seu mandato na defesa dos interesses dos trabalhadores.<\/p>\n<p>\u201cEstamos fazendo uma agenda com uma s\u00e9ria de visitas aos sindicatos e n\u00f3s vamos construir isto ao ao longo deste ano, porque \u00e9 um momento importante para debater tamb\u00e9m as contrata\u00e7\u00f5es do Banco dos Brasil. Uma grande campanha por mais contrata\u00e7\u00f5es no banco, para que o banco continue contratando, gerando emprego, melhorando as condi\u00e7\u00f5es de trabalho e fazendo o seu papel p\u00fablico\u201d,disse Rafael.<\/p>\n<p><strong>Rede de Comunica\u00e7\u00e3o dos Banc\u00e1rios<\/strong><br \/>Rodrigo Couto, do Sindicato de Bras\u00edlia<br \/>Nilma Padilha, da Contraf-CUT<\/p>\n<p>Fonte: Contraf-CUT<\/p>\n","protected":false},"excerpt":{"rendered":"<p>Em um ano at\u00edpico, com diversos fatores externos que podem influenciar o resultado da Campanha Nacional dos Banc\u00e1rios 2014, Wagner Nascimento, diretor do Sindicato de Belo Horizonte e Regi\u00e3o, foi apresentado neste domingo 8, durante a plen\u00e1ria final do 25\u00ba Congresso Nacional dos Funcion\u00e1rios, como o novo coordenador da Comiss\u00e3o de Empresa do BB, que [&hellip;]<\/p>\n","protected":false},"author":1,"featured_media":0,"comment_status":"","ping_status":"","sticky":false,"template":"","format":"standard","meta":{"footnotes":""},"categories":[3],"tags":[],"class_list":["post-1356","post","type-post","status-publish","format-standard","hentry","category-noticias"],"_links":{"self":[{"href":"https:\/\/hostnetart.com.br\/baixada\/wp-json\/wp\/v2\/posts\/1356","targetHints":{"allow":["GET"]}}],"collection":[{"href":"https:\/\/hostnetart.com.br\/baixada\/wp-json\/wp\/v2\/posts"}],"about":[{"href":"https:\/\/hostnetart.com.br\/baixada\/wp-json\/wp\/v2\/types\/post"}],"author":[{"embeddable":true,"href":"https:\/\/hostnetart.com.br\/baixada\/wp-json\/wp\/v2\/users\/1"}],"replies":[{"embeddable":true,"href":"https:\/\/hostnetart.com.br\/baixada\/wp-json\/wp\/v2\/comments?post=1356"}],"version-history":[{"count":0,"href":"https:\/\/hostnetart.com.br\/baixada\/wp-json\/wp\/v2\/posts\/1356\/revisions"}],"wp:attachment":[{"href":"https:\/\/hostnetart.com.br\/baixada\/wp-json\/wp\/v2\/media?parent=1356"}],"wp:term":[{"taxonomy":"category","embeddable":true,"href":"https:\/\/hostnetart.com.br\/baixada\/wp-json\/wp\/v2\/categories?post=1356"},{"taxonomy":"post_tag","embeddable":true,"href":"https:\/\/hostnetart.com.br\/baixada\/wp-json\/wp\/v2\/tags?post=1356"}],"curies":[{"name":"wp","href":"https:\/\/api.w.org\/{rel}","templated":true}]}}