{"id":13558,"date":"2023-01-10T17:24:07","date_gmt":"2023-01-10T20:24:07","guid":{"rendered":"https:\/\/hostnetart.com.br\/baixada\/sem-anistia-populacao-defende-a-democracia-e-pede-punicao-de-criminosos\/"},"modified":"2023-01-10T17:24:07","modified_gmt":"2023-01-10T20:24:07","slug":"sem-anistia-populacao-defende-a-democracia-e-pede-punicao-de-criminosos","status":"publish","type":"post","link":"https:\/\/hostnetart.com.br\/baixada\/sem-anistia-populacao-defende-a-democracia-e-pede-punicao-de-criminosos\/","title":{"rendered":"Sem anistia! Popula\u00e7\u00e3o defende a democracia e pede puni\u00e7\u00e3o de criminosos"},"content":{"rendered":"<p>A popula\u00e7\u00e3o saiu \u00e0s ruas, nesta segunda-feira (9), por todo o Brasil para dar uma resposta aos terroristas que invadiram, saquearam e depredaram os pr\u00e9dios dos Tr\u00eas Poderes em Bras\u00edlia, no domingo (8). Organizadas pelas Frentes Brasil Popular e Povo sem Medo, pelo F\u00f3rum das Centrais Sindicais, estudantes, partidos pol\u00edticos e outras organiza\u00e7\u00f5es, as manifesta\u00e7\u00f5es deixaram claro a disposi\u00e7\u00e3o em defender a democracia e refor\u00e7aram a necessidade de puni\u00e7\u00e3o a todos os respons\u00e1veis pela onda de baderna que tomou de assalto pa\u00eds desde o dia 30 de outubro, ap\u00f3s o resultado das elei\u00e7\u00f5es 2022 que elegeram Lu\u00eds In\u00e1cio Lula da Silva.<\/p>\n<p>A palavra de ordem que mais se ouviu foi \u201csem anistia\u201d. A demanda se volta, em especial, \u00e0 responsabiliza\u00e7\u00e3o do ex-presidente Bolsonaro pelos crimes cometidos durante seu mandato. A reivindica\u00e7\u00e3o, j\u00e1 expressa com for\u00e7a pela multid\u00e3o que compareceu \u00e0 posse do presidente Lula, ganha agora novos contornos, com a exig\u00eancia de que sejam responsabilizados os participantes do intento golpista e, principalmente, seus financiadores, impulsionadores e as autoridades estatais coniventes.<\/p>\n<h3>Brasileiros no exterior ocupam consulados<\/h3>\n<p>Em paralelo \u00e0s manifesta\u00e7\u00f5es em defesa da democracia e do voto popular, que tomaram dezenas de cidades no pa\u00eds, brasileiros que vivem no exterior tamb\u00e9m realizaram atos nesta segunda. A vig\u00edlia internacional pela democracia do Brasil, como foi chamado o movimento, aconteceu em frente aos consulados do Brasil na Alemanha, Argentina, Canad\u00e1, Espanha, Estados Unidos, It\u00e1lia, Reino Unido e Su\u00ed\u00e7a. Os manifestantes gritaram \u201csem anistia para os golpistas\u201d.<\/p>\n<p>O rep\u00fadio ao terrorismo bolsonarista tamb\u00e9m uniu diferentes l\u00edderes mundiais do oriente ao ocidente. Desde domingo, dezenas de chefes de Estado e de governo condenaram o atentado \u00e0 democracia e respaldaram decis\u00f5es anunciadas pelo presidente Luiz In\u00e1cio Lula da Silva. O papa Francisco citou nominalmente o Brasil em discurso perante o corpo diplom\u00e1tico do Vaticano, hoje, ao lamentar a viol\u00eancia no pa\u00eds.<\/p>\n<p>Congressistas dos Estados Unidos tamb\u00e9m cobram a extradi\u00e7\u00e3o de Bolsonaro para que o ex-presidente responda \u00e0 justi\u00e7a brasileira sobre sua rela\u00e7\u00e3o com a tentativa de golpe. At\u00e9 ao final dessa segunda, cerca de 1.500 terroristas haviam sido presos pelo crime de tentar \u201cdepor, por meio de ato de viol\u00eancia ou grave amea\u00e7a, o governo legitimamente constitu\u00eddo\u201d. Nesse caso, as penas podem variar de 4 a 12 anos de pris\u00e3o.<\/p>\n<p><strong>Fonte: Contraf-CUT<\/strong><\/p>\n","protected":false},"excerpt":{"rendered":"<p>A popula\u00e7\u00e3o saiu \u00e0s ruas, nesta segunda-feira (9), por todo o Brasil para dar uma resposta aos terroristas que invadiram, saquearam e depredaram os pr\u00e9dios dos Tr\u00eas Poderes em Bras\u00edlia, no domingo (8). Organizadas pelas Frentes Brasil Popular e Povo sem Medo, pelo F\u00f3rum das Centrais Sindicais, estudantes, partidos pol\u00edticos e outras organiza\u00e7\u00f5es, as manifesta\u00e7\u00f5es [&hellip;]<\/p>\n","protected":false},"author":2,"featured_media":13557,"comment_status":"","ping_status":"","sticky":false,"template":"","format":"standard","meta":{"footnotes":""},"categories":[3],"tags":[],"class_list":["post-13558","post","type-post","status-publish","format-standard","has-post-thumbnail","hentry","category-noticias"],"_links":{"self":[{"href":"https:\/\/hostnetart.com.br\/baixada\/wp-json\/wp\/v2\/posts\/13558","targetHints":{"allow":["GET"]}}],"collection":[{"href":"https:\/\/hostnetart.com.br\/baixada\/wp-json\/wp\/v2\/posts"}],"about":[{"href":"https:\/\/hostnetart.com.br\/baixada\/wp-json\/wp\/v2\/types\/post"}],"author":[{"embeddable":true,"href":"https:\/\/hostnetart.com.br\/baixada\/wp-json\/wp\/v2\/users\/2"}],"replies":[{"embeddable":true,"href":"https:\/\/hostnetart.com.br\/baixada\/wp-json\/wp\/v2\/comments?post=13558"}],"version-history":[{"count":0,"href":"https:\/\/hostnetart.com.br\/baixada\/wp-json\/wp\/v2\/posts\/13558\/revisions"}],"wp:featuredmedia":[{"embeddable":true,"href":"https:\/\/hostnetart.com.br\/baixada\/wp-json\/wp\/v2\/media\/13557"}],"wp:attachment":[{"href":"https:\/\/hostnetart.com.br\/baixada\/wp-json\/wp\/v2\/media?parent=13558"}],"wp:term":[{"taxonomy":"category","embeddable":true,"href":"https:\/\/hostnetart.com.br\/baixada\/wp-json\/wp\/v2\/categories?post=13558"},{"taxonomy":"post_tag","embeddable":true,"href":"https:\/\/hostnetart.com.br\/baixada\/wp-json\/wp\/v2\/tags?post=13558"}],"curies":[{"name":"wp","href":"https:\/\/api.w.org\/{rel}","templated":true}]}}