{"id":13554,"date":"2023-01-09T17:36:36","date_gmt":"2023-01-09T20:36:36","guid":{"rendered":"https:\/\/hostnetart.com.br\/baixada\/sindicato-dos-bancarios-da-baixada-fluminense-inicia-o-ano-reintegrando-mais-uma-bancaria-do-bradesco\/"},"modified":"2023-01-09T17:36:36","modified_gmt":"2023-01-09T20:36:36","slug":"sindicato-dos-bancarios-da-baixada-fluminense-inicia-o-ano-reintegrando-mais-uma-bancaria-do-bradesco","status":"publish","type":"post","link":"https:\/\/hostnetart.com.br\/baixada\/sindicato-dos-bancarios-da-baixada-fluminense-inicia-o-ano-reintegrando-mais-uma-bancaria-do-bradesco\/","title":{"rendered":"Sindicato dos Banc\u00e1rios da Baixada Fluminense inicia o ano reintegrando mais uma banc\u00e1ria do Bradesco"},"content":{"rendered":"<p>O ano mal come\u00e7ou e o Sindicato dos Banc\u00e1rios da Baixada Fluminense j\u00e1 reintegrou mais uma funcion\u00e1ria do Banco Bradesco.<\/p>\n<p>Nesta segunda-feira,\u00a09 de janeiro, D\u00e9bora de Oliveira da Silva\u00a0foi reintegrada na ag\u00eancia 129, no Centro de Duque de Caxias.<\/p>\n<p>A banc\u00e1ria, quando foi demitida, estava\u00a0acometida com doen\u00e7a ocupacional, e obteve o deferimento de benef\u00edcio previdenci\u00e1rio.<\/p>\n<p>Al\u00e9m disso, a demiss\u00e3o ocorreu\u00a0em plena pandemia do novo coronav\u00edrus, contrariando o\u00a0compromisso de n\u00e3o demiss\u00e3o que os grandes bancos assumiram.\u00a0<\/p>\n<p>A reintegra\u00e7\u00e3o foi\u00a0acompanhada pelos diretores do Sindicato, Roberto Domingos e Gentil Ramos.<\/p>\n<p><span style=\"text-decoration: underline;\">IMPORTANTE<\/span><\/p>\n<p>D\u00e9bora \u00e9 sindicalizada e, logo ap\u00f3s seu desligamento, procurou atendimento no Sindicato dos Banc\u00e1rios da Baixada Fluminense, onde foi prontamente atendida pelos Departamentos Jur\u00eddico e de Sa\u00fade.<\/p>\n<p>\u00c9 fundamental que banc\u00e1rias e banc\u00e1rios, logo que sejam informados de suas demiss\u00f5es, procurem imediatamente atendimento no Sindicato.<\/p>\n<p><strong>SINDICALIZE-SE<\/strong><\/p>\n<p><\/p>\n","protected":false},"excerpt":{"rendered":"<p>O ano mal come\u00e7ou e o Sindicato dos Banc\u00e1rios da Baixada Fluminense j\u00e1 reintegrou mais uma funcion\u00e1ria do Banco Bradesco. Nesta segunda-feira,\u00a09 de janeiro, D\u00e9bora de Oliveira da Silva\u00a0foi reintegrada na ag\u00eancia 129, no Centro de Duque de Caxias. A banc\u00e1ria, quando foi demitida, estava\u00a0acometida com doen\u00e7a ocupacional, e obteve o deferimento de benef\u00edcio previdenci\u00e1rio. [&hellip;]<\/p>\n","protected":false},"author":2,"featured_media":13553,"comment_status":"","ping_status":"","sticky":false,"template":"","format":"standard","meta":{"footnotes":""},"categories":[3],"tags":[],"class_list":["post-13554","post","type-post","status-publish","format-standard","has-post-thumbnail","hentry","category-noticias"],"_links":{"self":[{"href":"https:\/\/hostnetart.com.br\/baixada\/wp-json\/wp\/v2\/posts\/13554","targetHints":{"allow":["GET"]}}],"collection":[{"href":"https:\/\/hostnetart.com.br\/baixada\/wp-json\/wp\/v2\/posts"}],"about":[{"href":"https:\/\/hostnetart.com.br\/baixada\/wp-json\/wp\/v2\/types\/post"}],"author":[{"embeddable":true,"href":"https:\/\/hostnetart.com.br\/baixada\/wp-json\/wp\/v2\/users\/2"}],"replies":[{"embeddable":true,"href":"https:\/\/hostnetart.com.br\/baixada\/wp-json\/wp\/v2\/comments?post=13554"}],"version-history":[{"count":0,"href":"https:\/\/hostnetart.com.br\/baixada\/wp-json\/wp\/v2\/posts\/13554\/revisions"}],"wp:featuredmedia":[{"embeddable":true,"href":"https:\/\/hostnetart.com.br\/baixada\/wp-json\/wp\/v2\/media\/13553"}],"wp:attachment":[{"href":"https:\/\/hostnetart.com.br\/baixada\/wp-json\/wp\/v2\/media?parent=13554"}],"wp:term":[{"taxonomy":"category","embeddable":true,"href":"https:\/\/hostnetart.com.br\/baixada\/wp-json\/wp\/v2\/categories?post=13554"},{"taxonomy":"post_tag","embeddable":true,"href":"https:\/\/hostnetart.com.br\/baixada\/wp-json\/wp\/v2\/tags?post=13554"}],"curies":[{"name":"wp","href":"https:\/\/api.w.org\/{rel}","templated":true}]}}