{"id":13552,"date":"2023-01-09T12:29:14","date_gmt":"2023-01-09T15:29:14","guid":{"rendered":"https:\/\/hostnetart.com.br\/baixada\/nota-de-repudio-do-sindicato-dos-bancarios-da-baixada-fluminense-aos-ataques-terroristas-ocorridos-em-brasilia\/"},"modified":"2023-01-09T12:29:14","modified_gmt":"2023-01-09T15:29:14","slug":"nota-de-repudio-do-sindicato-dos-bancarios-da-baixada-fluminense-aos-ataques-terroristas-ocorridos-em-brasilia","status":"publish","type":"post","link":"https:\/\/hostnetart.com.br\/baixada\/nota-de-repudio-do-sindicato-dos-bancarios-da-baixada-fluminense-aos-ataques-terroristas-ocorridos-em-brasilia\/","title":{"rendered":"Nota de Rep\u00fadio do Sindicato dos Banc\u00e1rios da Baixada Fluminense aos ataques terroristas ocorridos em Bras\u00edlia"},"content":{"rendered":"<p>O Sindicato dos Banc\u00e1rios da Baixada Fluminense repudia, veementemente, os grav\u00edssimos atos antidemocr\u00e1ticos e criminosos que ocorreram ontem, dia 8 de janeiro de 2023, em Bras\u00edlia.<\/p>\n<p>Diante da situa\u00e7\u00e3o t\u00e3o calamitosa, nos unimos a todos os brasileiros e brasileiras, tamb\u00e9m as institui\u00e7\u00f5es democr\u00e1ticas do pa\u00eds, que exigem que os envolvidos em tal vandalismo sejam responsabilizados e punidos com o rigor da lei.<\/p>\n<p>A democracia est\u00e1 sendo amea\u00e7ada e devemos nos manter firmes e intransigentes em sua defesa.<\/p>\n","protected":false},"excerpt":{"rendered":"<p>O Sindicato dos Banc\u00e1rios da Baixada Fluminense repudia, veementemente, os grav\u00edssimos atos antidemocr\u00e1ticos e criminosos que ocorreram ontem, dia 8 de janeiro de 2023, em Bras\u00edlia. Diante da situa\u00e7\u00e3o t\u00e3o calamitosa, nos unimos a todos os brasileiros e brasileiras, tamb\u00e9m as institui\u00e7\u00f5es democr\u00e1ticas do pa\u00eds, que exigem que os envolvidos em tal vandalismo sejam responsabilizados [&hellip;]<\/p>\n","protected":false},"author":2,"featured_media":13551,"comment_status":"","ping_status":"","sticky":false,"template":"","format":"standard","meta":{"footnotes":""},"categories":[3],"tags":[],"class_list":["post-13552","post","type-post","status-publish","format-standard","has-post-thumbnail","hentry","category-noticias"],"_links":{"self":[{"href":"https:\/\/hostnetart.com.br\/baixada\/wp-json\/wp\/v2\/posts\/13552","targetHints":{"allow":["GET"]}}],"collection":[{"href":"https:\/\/hostnetart.com.br\/baixada\/wp-json\/wp\/v2\/posts"}],"about":[{"href":"https:\/\/hostnetart.com.br\/baixada\/wp-json\/wp\/v2\/types\/post"}],"author":[{"embeddable":true,"href":"https:\/\/hostnetart.com.br\/baixada\/wp-json\/wp\/v2\/users\/2"}],"replies":[{"embeddable":true,"href":"https:\/\/hostnetart.com.br\/baixada\/wp-json\/wp\/v2\/comments?post=13552"}],"version-history":[{"count":0,"href":"https:\/\/hostnetart.com.br\/baixada\/wp-json\/wp\/v2\/posts\/13552\/revisions"}],"wp:featuredmedia":[{"embeddable":true,"href":"https:\/\/hostnetart.com.br\/baixada\/wp-json\/wp\/v2\/media\/13551"}],"wp:attachment":[{"href":"https:\/\/hostnetart.com.br\/baixada\/wp-json\/wp\/v2\/media?parent=13552"}],"wp:term":[{"taxonomy":"category","embeddable":true,"href":"https:\/\/hostnetart.com.br\/baixada\/wp-json\/wp\/v2\/categories?post=13552"},{"taxonomy":"post_tag","embeddable":true,"href":"https:\/\/hostnetart.com.br\/baixada\/wp-json\/wp\/v2\/tags?post=13552"}],"curies":[{"name":"wp","href":"https:\/\/api.w.org\/{rel}","templated":true}]}}