{"id":13548,"date":"2023-01-06T13:31:34","date_gmt":"2023-01-06T16:31:34","guid":{"rendered":"https:\/\/hostnetart.com.br\/baixada\/confira-o-calendario-de-pagamentos-do-auxilio-brasil-e-do-vale-gas-em-2023\/"},"modified":"2023-01-06T13:31:34","modified_gmt":"2023-01-06T16:31:34","slug":"confira-o-calendario-de-pagamentos-do-auxilio-brasil-e-do-vale-gas-em-2023","status":"publish","type":"post","link":"https:\/\/hostnetart.com.br\/baixada\/confira-o-calendario-de-pagamentos-do-auxilio-brasil-e-do-vale-gas-em-2023\/","title":{"rendered":"Confira o calend\u00e1rio de pagamentos do Aux\u00edlio Brasil e do Vale G\u00e1s em 2023"},"content":{"rendered":"<p>Trabalhadores benefici\u00e1rios dos programas Aux\u00edlio Brasil &#8211; que voltar\u00e1 a se chamar\u00a0<a href=\"https:\/\/www.brasildefato.com.br\/2023\/01\/01\/lula-garante-bolsa-familia-de-r-600-e-busca-controle-de-armas-com-primeiros-atos\" target=\"_blank\" rel=\"noopener noreferrer\">Bolsa Fam\u00edlia<\/a>\u00a0&#8211; e Vale G\u00e1s j\u00e1 podem se programar para os recebimentos das rendas complementares. Para 2023, os valores dos benef\u00edcios foram ajustados por meio de uma Medida Provis\u00f3ria assinada pelo presidente Lula (PT) no seu primeiro dia de governo.<\/p>\n<p>Com a mudan\u00e7a, o valor do Aux\u00edlio Brasil, que desde sua cria\u00e7\u00e3o em 2003 se chamava Bolsa Fam\u00edlia, passa a ser de R$ 600. O valor do\u00a0<a href=\"https:\/\/www.brasildefato.com.br\/2021\/11\/24\/quem-tem-direito-ao-vale-gas-conheca-a-lei-que-estabelece-o-auxilio-gas-dos-brasileiros\" target=\"_blank\" rel=\"noopener noreferrer\">Vale G\u00e1s<\/a>\u00a0tamb\u00e9m ser\u00e1 reajustado, com um acr\u00e9scimo de 50% do pre\u00e7o de um botij\u00e3o de 13kg. O Vale G\u00e1s \u00e9 pago \u00e0s fam\u00edlias a cada dois meses, enquanto o Aux\u00edlio Brasil \u00e9 pago mensalmente.<\/p>\n<p>O benef\u00edcio ficar\u00e1 dispon\u00edvel para saque ou cr\u00e9dito em conta banc\u00e1ria conforme o \u00faltimo d\u00edgito do N\u00famero de Identifica\u00e7\u00e3o Social (NIS) do trabalhador, impresso no cart\u00e3o do titular. Por exemplo, se o NIS termina com o d\u00edgito 1, no m\u00eas de janeiro de 2023 o pagamento ser\u00e1 efetuado a partir do dia 18.\u00a0\u00a0<\/p>\n<p>A proje\u00e7\u00e3o \u00e9 que os pagamentos aconte\u00e7am nos \u00faltimos 10 dias \u00fateis de cada m\u00eas, com exce\u00e7\u00e3o do m\u00eas de dezembro, em que todos os pagamentos ser\u00e3o efetuados at\u00e9 o dia 22.\u00a0<\/p>\n<p class=\"ckeditor-img-caption\"><img decoding=\"async\" src=\"https:\/\/images03.brasildefato.com.br\/c829e5d91f7098bbae7946d11c0f9b6a.jpeg\" \/><br \/>Os valores ser\u00e3o depositados na conta poupan\u00e7a digital, que pode ser acessada pelo aplicativo Caixa Tem \/ Minist\u00e9rio da Cidadania<\/p>\n<p>Os valores ser\u00e3o depositados na conta poupan\u00e7a digital, que pode ser acessada pelo aplicativo\u00a0<a href=\"https:\/\/www.techtudo.com.br\/tudo-sobre\/caixa-tem\/\">Caixa Tem<\/a>. Vale ressaltar que as parcelas estar\u00e3o dispon\u00edveis para saque por at\u00e9 120 dias, ou seja, quatro meses ap\u00f3s a data indicada no calend\u00e1rio.<\/p>\n<p>Para consultar a situa\u00e7\u00e3o das suas parcelas e conferir seu extrato detalhado acesse o aplicativo do Aux\u00edlio Brasil, dispon\u00edvel para\u00a0<a href=\"https:\/\/play.google.com\/store\/apps\/details?id=br.gov.caixa.bolsafamilia&amp;hl=pt_BR&amp;gl=BR\">Android<\/a>\u00a0e\u00a0<a href=\"https:\/\/apps.apple.com\/br\/app\/aux%C3%ADlio-brasil-govbr\/id1036174679\">iOS<\/a>.\u00a0<\/p>\n<p>At\u00e9 ent\u00e3o quem est\u00e1 apto para receber os aux\u00edlios s\u00e3o fam\u00edlias em situa\u00e7\u00e3o de pobreza e extrema pobreza, que tenham na composi\u00e7\u00e3o familiar gestantes, lactantes, e crian\u00e7as e jovens entre zero e 21 anos. O cadastro \u00e9 feito prioritariamente no nome das mulheres chefes de fam\u00edlia.\u00a0<\/p>\n<p>S\u00e3o entendidas como situa\u00e7\u00e3o de pobreza as fam\u00edlias cuja renda \u00e9 de at\u00e9 R$ 210 por pessoa, enquanto a extrema pobreza \u00e9 caracterizada pelo recebimento inferior a R$ 105,1 per capita. Para saber o valor da renda per capita basta somar todos os rendimentos e dividir pelo n\u00famero de pessoas que comp\u00f5em a fam\u00edlia.<\/p>\n<p>Em caso de d\u00favidas, voc\u00ea pode entrar em contato com o Minist\u00e9rio ds Cidadania pelo telefone 121 ou com o Canal de Atendimento ao Cidad\u00e3o da Caixa pelo n\u00famero 111.\u00a0<\/p>\n<p>Vale lembrar que o aumento do valor do Aux\u00edlio Brasil foi aprovado pelo Congresso Nacional ainda em 2022, mas o or\u00e7amento deixado pelo governo do ex-presidente Jair Bolsonaro previa o pagamento de apenas R$405 \u00e0s fam\u00edlias. Com a eleva\u00e7\u00e3o do teto de gastos em R$ 145 bi, a partir da\u00a0<a href=\"https:\/\/www.brasildefato.com.br\/2022\/12\/21\/pec-da-transicao-e-aprovada-em-2-turno-na-camara-texto-volta-para-o-senado\" target=\"_blank\" rel=\"noopener noreferrer\">PEC da Transi\u00e7\u00e3o<\/a>, o pagamento de R$ 600 poder\u00e1 ser viabilizado.<\/p>\n<p><strong>Fonte: Brasil de Fato<\/strong><\/p>\n","protected":false},"excerpt":{"rendered":"<p>Trabalhadores benefici\u00e1rios dos programas Aux\u00edlio Brasil &#8211; que voltar\u00e1 a se chamar\u00a0Bolsa Fam\u00edlia\u00a0&#8211; e Vale G\u00e1s j\u00e1 podem se programar para os recebimentos das rendas complementares. Para 2023, os valores dos benef\u00edcios foram ajustados por meio de uma Medida Provis\u00f3ria assinada pelo presidente Lula (PT) no seu primeiro dia de governo. Com a mudan\u00e7a, o [&hellip;]<\/p>\n","protected":false},"author":2,"featured_media":13547,"comment_status":"","ping_status":"","sticky":false,"template":"","format":"standard","meta":{"footnotes":""},"categories":[3],"tags":[],"class_list":["post-13548","post","type-post","status-publish","format-standard","has-post-thumbnail","hentry","category-noticias"],"_links":{"self":[{"href":"https:\/\/hostnetart.com.br\/baixada\/wp-json\/wp\/v2\/posts\/13548","targetHints":{"allow":["GET"]}}],"collection":[{"href":"https:\/\/hostnetart.com.br\/baixada\/wp-json\/wp\/v2\/posts"}],"about":[{"href":"https:\/\/hostnetart.com.br\/baixada\/wp-json\/wp\/v2\/types\/post"}],"author":[{"embeddable":true,"href":"https:\/\/hostnetart.com.br\/baixada\/wp-json\/wp\/v2\/users\/2"}],"replies":[{"embeddable":true,"href":"https:\/\/hostnetart.com.br\/baixada\/wp-json\/wp\/v2\/comments?post=13548"}],"version-history":[{"count":0,"href":"https:\/\/hostnetart.com.br\/baixada\/wp-json\/wp\/v2\/posts\/13548\/revisions"}],"wp:featuredmedia":[{"embeddable":true,"href":"https:\/\/hostnetart.com.br\/baixada\/wp-json\/wp\/v2\/media\/13547"}],"wp:attachment":[{"href":"https:\/\/hostnetart.com.br\/baixada\/wp-json\/wp\/v2\/media?parent=13548"}],"wp:term":[{"taxonomy":"category","embeddable":true,"href":"https:\/\/hostnetart.com.br\/baixada\/wp-json\/wp\/v2\/categories?post=13548"},{"taxonomy":"post_tag","embeddable":true,"href":"https:\/\/hostnetart.com.br\/baixada\/wp-json\/wp\/v2\/tags?post=13548"}],"curies":[{"name":"wp","href":"https:\/\/api.w.org\/{rel}","templated":true}]}}