{"id":13542,"date":"2023-01-05T17:07:50","date_gmt":"2023-01-05T20:07:50","guid":{"rendered":"https:\/\/hostnetart.com.br\/baixada\/saude-recomenda-dose-de-reforco-contra-a-covid-19-a-partir-dos-5-anos\/"},"modified":"2023-01-05T17:07:50","modified_gmt":"2023-01-05T20:07:50","slug":"saude-recomenda-dose-de-reforco-contra-a-covid-19-a-partir-dos-5-anos","status":"publish","type":"post","link":"https:\/\/hostnetart.com.br\/baixada\/saude-recomenda-dose-de-reforco-contra-a-covid-19-a-partir-dos-5-anos\/","title":{"rendered":"Sa\u00fade recomenda dose de refor\u00e7o contra a covid-19 a partir dos 5 anos"},"content":{"rendered":"<p><a href=\"https:\/\/agenciabrasil.ebc.com.br\/saude\/noticia\/2023-01\/saude-recomenda-dose-de-reforco-contra-covid-partir-dos-5-anos\">Ag\u00eancia Brasil<\/a>\u00a0\u2013 O Minist\u00e9rio da Sa\u00fade recomenda a aplica\u00e7\u00e3o de dose de refor\u00e7o da vacina contra a\u00a0<a href=\"https:\/\/www.redebrasilatual.com.br\/saude-e-ciencia\/bolsonaro-mergulha-brasil-novo-ciclo-infeccoes-mortes-covid-19\/\" target=\"_blank\" rel=\"noopener noreferrer\">covid-19<\/a>\u00a0para crian\u00e7as com idade entre 5 e 11 anos. Segundo a pasta, a orienta\u00e7\u00e3o considera estudos cient\u00edficos que apontam aumento da prote\u00e7\u00e3o com a dose complementar.<img decoding=\"async\" class=\"lazyloaded\" src=\"https:\/\/agenciabrasil.ebc.com.br\/ebc.png?id=1501910&amp;o=node\" data-ll-status=\"loaded\" \/><img decoding=\"async\" class=\"lazyloaded\" src=\"https:\/\/agenciabrasil.ebc.com.br\/ebc.gif?id=1501910&amp;o=node\" data-ll-status=\"loaded\" \/><\/p>\n<p>Nota t\u00e9cnica publicada nessa quarta-feira (4) define que o intervalo entre a segunda dose e a dose de refor\u00e7o contra a covid-19 deve ser de, pelo menos, 4 meses. De acordo com a publica\u00e7\u00e3o, a imuniza\u00e7\u00e3o complementar, no caso de crian\u00e7as que tomaram a primeira e a segunda dose da Pfizer ou da CoronaVac, deve ser feita com a vacina pedi\u00e1trica da Pfizer.<\/p>\n<p>\u201cPara a an\u00e1lise da recomenda\u00e7\u00e3o de dose de refor\u00e7o para esse p\u00fablico, entre outros crit\u00e9rios, foi observado o aumento dos n\u00edveis de anticorpos depois da aplica\u00e7\u00e3o da dose complementar. No estudo cl\u00ednico, as crian\u00e7as avaliadas apresentaram aumento de seis vezes no n\u00famero de anticorpos ap\u00f3s a dose de refor\u00e7o\u201d, informou o minist\u00e9rio.<\/p>\n<p>Em outra suban\u00e1lise, segundo a pasta, o refor\u00e7o da vacina da Pfizer se mostrou eficaz tamb\u00e9m contra a variante \u00d4micron, com aumento de 36 vezes na produ\u00e7\u00e3o de anticorpos na faixa et\u00e1ria dos 5 aos 11 anos de idade.<\/p>\n<p>\u201cEsses resultados mostram a import\u00e2ncia de completar o ciclo vacinal contra a covid-19, para garantir que os imunizantes atinjam a efic\u00e1cia completa e protejam contra casos graves e mortes pela doen\u00e7a. Mesmo quem perdeu o prazo recomendado deve procurar um posto de vacina\u00e7\u00e3o\u201d, refor\u00e7ou o minist\u00e9rio.<\/p>\n<p>A pasta tamb\u00e9m recomenda a administra\u00e7\u00e3o simult\u00e2nea de vacinas contra a covid-19 com outros imunizantes do\u00a0<a href=\"https:\/\/www.redebrasilatual.com.br\/saude-e-ciencia\/vacinacao-de-criancas-saude-abre-consulta-e-atrasa-imunizacao\/\" target=\"_blank\" rel=\"noopener noreferrer\">calend\u00e1rio vacinal infantil<\/a>.<\/p>\n","protected":false},"excerpt":{"rendered":"<p>Ag\u00eancia Brasil\u00a0\u2013 O Minist\u00e9rio da Sa\u00fade recomenda a aplica\u00e7\u00e3o de dose de refor\u00e7o da vacina contra a\u00a0covid-19\u00a0para crian\u00e7as com idade entre 5 e 11 anos. Segundo a pasta, a orienta\u00e7\u00e3o considera estudos cient\u00edficos que apontam aumento da prote\u00e7\u00e3o com a dose complementar. Nota t\u00e9cnica publicada nessa quarta-feira (4) define que o intervalo entre a segunda [&hellip;]<\/p>\n","protected":false},"author":2,"featured_media":13541,"comment_status":"","ping_status":"","sticky":false,"template":"","format":"standard","meta":{"footnotes":""},"categories":[3],"tags":[],"class_list":["post-13542","post","type-post","status-publish","format-standard","has-post-thumbnail","hentry","category-noticias"],"_links":{"self":[{"href":"https:\/\/hostnetart.com.br\/baixada\/wp-json\/wp\/v2\/posts\/13542","targetHints":{"allow":["GET"]}}],"collection":[{"href":"https:\/\/hostnetart.com.br\/baixada\/wp-json\/wp\/v2\/posts"}],"about":[{"href":"https:\/\/hostnetart.com.br\/baixada\/wp-json\/wp\/v2\/types\/post"}],"author":[{"embeddable":true,"href":"https:\/\/hostnetart.com.br\/baixada\/wp-json\/wp\/v2\/users\/2"}],"replies":[{"embeddable":true,"href":"https:\/\/hostnetart.com.br\/baixada\/wp-json\/wp\/v2\/comments?post=13542"}],"version-history":[{"count":0,"href":"https:\/\/hostnetart.com.br\/baixada\/wp-json\/wp\/v2\/posts\/13542\/revisions"}],"wp:featuredmedia":[{"embeddable":true,"href":"https:\/\/hostnetart.com.br\/baixada\/wp-json\/wp\/v2\/media\/13541"}],"wp:attachment":[{"href":"https:\/\/hostnetart.com.br\/baixada\/wp-json\/wp\/v2\/media?parent=13542"}],"wp:term":[{"taxonomy":"category","embeddable":true,"href":"https:\/\/hostnetart.com.br\/baixada\/wp-json\/wp\/v2\/categories?post=13542"},{"taxonomy":"post_tag","embeddable":true,"href":"https:\/\/hostnetart.com.br\/baixada\/wp-json\/wp\/v2\/tags?post=13542"}],"curies":[{"name":"wp","href":"https:\/\/api.w.org\/{rel}","templated":true}]}}