{"id":13540,"date":"2023-01-05T17:05:56","date_gmt":"2023-01-05T20:05:56","guid":{"rendered":"https:\/\/hostnetart.com.br\/baixada\/bancos-publicos-voltam-a-ter-papel-central-nas-politicas-para-o-desenvolvimento\/"},"modified":"2023-01-05T17:05:56","modified_gmt":"2023-01-05T20:05:56","slug":"bancos-publicos-voltam-a-ter-papel-central-nas-politicas-para-o-desenvolvimento","status":"publish","type":"post","link":"https:\/\/hostnetart.com.br\/baixada\/bancos-publicos-voltam-a-ter-papel-central-nas-politicas-para-o-desenvolvimento\/","title":{"rendered":"Bancos p\u00fablicos voltam a ter papel central nas pol\u00edticas para o desenvolvimento"},"content":{"rendered":"<p>O governo Lula iniciou o mandato cumprindo uma das promessas de campanha: reverter processos de privatiza\u00e7\u00e3o de empresas p\u00fablicas. O \u201cDi\u00e1rio Oficial da Uni\u00e3o\u201d publicou nessa segunda-feira (2) o despacho assinado pelo presidente da Rep\u00fablica no domingo, dia da posse do petista,\u00a0<a href=\"https:\/\/g1.globo.com\/politica\/noticia\/2023\/01\/02\/lula-manda-revogar-processos-de-privatizacao-de-oito-estatais-iniciados-por-bolsonaro.ghtml\">determinando o fim dos tr\u00e2mites para a venda de oito estatais<\/a>, entre elas Petrobras e Correios. Dois dias antes, ainda dentro do per\u00edodo de transi\u00e7\u00e3o, o ministro da Fazenda, Fernando Haddad, cumpria a promessa do novo governo de colocar\u00a0<a href=\"https:\/\/contrafcut.com.br\/noticias\/governo-lula-convida-tarciana-medeiros-para-o-bb-e-rita-serrano-para-a-caixa\/\">duas mulheres no comando das principais institui\u00e7\u00f5es financeiras do pa\u00eds, Caixa e Banco do Brasil<\/a>.<\/p>\n<p>\u201cEstamos diante da retomada do que \u00e9 o papel fundamental dos bancos p\u00fablicos: a miss\u00e3o como instrumento para o desenvolvimento econ\u00f4mico e redu\u00e7\u00e3o da pobreza\u201d, destaca a presidenta da Confedera\u00e7\u00e3o Nacional dos Trabalhadores do Ramo Financeiro (Contraf-CUT), Juvandia Moreira.<\/p>\n<p>A representante da Contraf-CUT na Comiss\u00e3o de Empresa dos Funcion\u00e1rios do Banco do Brasil (CEBB), Fernanda Lopes, tamb\u00e9m observa que, afastada a trajet\u00f3ria de desmonte que estava em andamento com a venda de subsidi\u00e1rias, caso da Caixa, e redu\u00e7\u00e3o significativa de funcion\u00e1rios e ag\u00eancias, caso do BB, os bancos p\u00fablicos ter\u00e3o agora \u201cpapel importante para colocar o Brasil de volta aos trilhos do desenvolvimento\u201d, com amplia\u00e7\u00e3o de cr\u00e9dito a juros mais baixos para \u201ctirar fam\u00edlias do endividamento e dinamizar a economia para agricultura familiar, micro e pequenas empresas\u201d.<\/p>\n<p>Rafael de Castro, empregado da Caixa e diretor da Contraf-CUT, lembra que, ainda no per\u00edodo de transi\u00e7\u00e3o, o governo Lula foi bastante receptivo \u00e0s propostas de fortalecimento dos bancos p\u00fablicos. \u201cEm rela\u00e7\u00e3o \u00e0 Caixa, a equipe que hoje est\u00e1 no Planalto recebeu das m\u00e3os das entidades que representam os trabalhadores banc\u00e1rios o\u00a0<a href=\"https:\/\/contrafcut.com.br\/noticias\/uma-nova-caixa-empregados-entregam-documento-a-equipe-de-transicao\/\">documento \u2018Uma nova Caixa para um novo Brasil\u2019<\/a>, com dados sobre o processo de descapitaliza\u00e7\u00e3o que o banco sofreu nos \u00faltimos anos e que reduziu sua capacidade de execu\u00e7\u00e3o de pol\u00edticas sociais. O documento tamb\u00e9m traz propostas de como a Caixa pode contribuir para o desenvolvimento social e econ\u00f4mico do pa\u00eds\u201d, destaca.<\/p>\n<p><a href=\"https:\/\/www.youtube.com\/watch?v=7zgIFe3xOiY&amp;feature=youtu.be\">Em entrevista ao canal TVT<\/a>, em novembro passado, Maria Rita Serrano, rec\u00e9m chamada para assumir a presid\u00eancia da Caixa, lembrou que foi durante os governos anteriores de Lula e Dilma que \u201cos bancos p\u00fablicos e as empresas p\u00fablicas\u201d foram instrumentos importantes para \u201cfazer investimentos no pa\u00eds e com isso, l\u00f3gico, contribuir na gera\u00e7\u00e3o de emprego e para tirar a popula\u00e7\u00e3o da mis\u00e9ria\u201d.<\/p>\n<p>Ela explicou que os bancos p\u00fablicos, \u201cprimeiro, contribuem para o desenvolvimento do pa\u00eds, sendo um bra\u00e7o do governo, fornecendo as ferramentas ao desenvolvimento do pa\u00eds, com investimentos de m\u00e9dio e longo prazo para infraestrutura, habita\u00e7\u00e3o, agricultura, agroneg\u00f3cio\u201d. Em segundo lugar, \u201cos bancos p\u00fablicos podem gerar programas sociais, no sentido de melhoria da qualidade de vida da popula\u00e7\u00e3o, por exemplo, com a oferta de microcr\u00e9dito para nichos da sociedade que os bancos privados n\u00e3o atendem\u201d, completou.<\/p>\n<p><strong>Fonte: Contraf-CUT<\/strong><\/p>\n","protected":false},"excerpt":{"rendered":"<p>O governo Lula iniciou o mandato cumprindo uma das promessas de campanha: reverter processos de privatiza\u00e7\u00e3o de empresas p\u00fablicas. O \u201cDi\u00e1rio Oficial da Uni\u00e3o\u201d publicou nessa segunda-feira (2) o despacho assinado pelo presidente da Rep\u00fablica no domingo, dia da posse do petista,\u00a0determinando o fim dos tr\u00e2mites para a venda de oito estatais, entre elas Petrobras [&hellip;]<\/p>\n","protected":false},"author":2,"featured_media":13539,"comment_status":"","ping_status":"","sticky":false,"template":"","format":"standard","meta":{"footnotes":""},"categories":[3],"tags":[],"class_list":["post-13540","post","type-post","status-publish","format-standard","has-post-thumbnail","hentry","category-noticias"],"_links":{"self":[{"href":"https:\/\/hostnetart.com.br\/baixada\/wp-json\/wp\/v2\/posts\/13540","targetHints":{"allow":["GET"]}}],"collection":[{"href":"https:\/\/hostnetart.com.br\/baixada\/wp-json\/wp\/v2\/posts"}],"about":[{"href":"https:\/\/hostnetart.com.br\/baixada\/wp-json\/wp\/v2\/types\/post"}],"author":[{"embeddable":true,"href":"https:\/\/hostnetart.com.br\/baixada\/wp-json\/wp\/v2\/users\/2"}],"replies":[{"embeddable":true,"href":"https:\/\/hostnetart.com.br\/baixada\/wp-json\/wp\/v2\/comments?post=13540"}],"version-history":[{"count":0,"href":"https:\/\/hostnetart.com.br\/baixada\/wp-json\/wp\/v2\/posts\/13540\/revisions"}],"wp:featuredmedia":[{"embeddable":true,"href":"https:\/\/hostnetart.com.br\/baixada\/wp-json\/wp\/v2\/media\/13539"}],"wp:attachment":[{"href":"https:\/\/hostnetart.com.br\/baixada\/wp-json\/wp\/v2\/media?parent=13540"}],"wp:term":[{"taxonomy":"category","embeddable":true,"href":"https:\/\/hostnetart.com.br\/baixada\/wp-json\/wp\/v2\/categories?post=13540"},{"taxonomy":"post_tag","embeddable":true,"href":"https:\/\/hostnetart.com.br\/baixada\/wp-json\/wp\/v2\/tags?post=13540"}],"curies":[{"name":"wp","href":"https:\/\/api.w.org\/{rel}","templated":true}]}}